{"id":10046,"date":"2026-01-23T15:23:10","date_gmt":"2026-01-23T15:23:10","guid":{"rendered":"http:\/\/www.maseual.com.mx\/web\/?p=10046"},"modified":"2026-01-23T15:23:14","modified_gmt":"2026-01-23T15:23:14","slug":"crece-mas-del-150-la-feria-de-la-candelaria-de-tlaquiltenango","status":"publish","type":"post","link":"http:\/\/www.maseual.com.mx\/web\/2026\/01\/23\/crece-mas-del-150-la-feria-de-la-candelaria-de-tlaquiltenango\/","title":{"rendered":"CRECE M\u00c1S DEL 150% LA \u201cFERIA DE LA CANDELARIA\u201d DE TLAQUILTENANGO"},"content":{"rendered":"\n<p>Por HUGO BARBERI RICO \/ MASEUAL<\/p>\n\n\n\n<p>Tlaquiltenango, Morelos, M\u00e9xico, 23 de enero de 2026.- Tras afirmar que se esperan miles de visitantes para la Tradicional Feria de La Candelaria 2026 en Tlaquitenango, el edil, Enrique Alonso Plascencia, inform\u00f3 que dicho evento ha crecido en m\u00e1s del 150 por ciento, gracias a la inversi\u00f3n de traer m\u00e1s artistas y ofrecer m\u00e1s artesan\u00eda y comercio.<br>En rueda de prensa, el edil anunci\u00f3 la feria del municipio que inicia el 2 y termina el 15 de febrero pr\u00f3ximos, en la que se programaron espect\u00e1culos populares de m\u00fasica para bailes, para jaripeos, espect\u00e1culos ecuestres, pero tambi\u00e9n culturales, como \u201cLa Guelaguetza\u201d y la presentaci\u00f3n de la soprano Alejandra Caletti, as\u00ed como populares como el caso de un cantante de banda de apelativo \u201cMimoso\u201d, m\u00e1s un cantante sorpresa de quien no quiso adelantar ning\u00fan detalle. De todo se integr\u00f3 en el programa, desde artistas nacionales y estatales como los mencionados, hasta regionales como el caso del cantautor, Jes\u00fas Linares, para cantar en una pr\u00f3xima cabalgata con m\u00e1s de mil caballos y jinetes, acompa\u00f1ados de bandas, como en jaripeos y en el teatro del pueblo que se instalar\u00e1 en la calle que enlaza a la avenida principal del centro (Morelos) con el monumental ex convento de Santo Domingo de Guzm\u00e1n.<\/p>\n\n\n\n<figure class=\"wp-block-image size-full\"><img loading=\"lazy\" decoding=\"async\" width=\"447\" height=\"715\" src=\"http:\/\/www.maseual.com.mx\/web\/wp-content\/uploads\/2026\/01\/Alonso-feria.jpg\" alt=\"\" class=\"wp-image-10047\" srcset=\"http:\/\/www.maseual.com.mx\/web\/wp-content\/uploads\/2026\/01\/Alonso-feria.jpg 447w, http:\/\/www.maseual.com.mx\/web\/wp-content\/uploads\/2026\/01\/Alonso-feria-188x300.jpg 188w\" sizes=\"auto, (max-width: 447px) 100vw, 447px\" \/><\/figure>\n\n\n\n<p><br>Tan solo de artesanos y comerciantes, hasta la noche del mi\u00e9rcoles en que se realiz\u00f3 dicha rueda de prensa se ten\u00edan registrados 485, cuando el a\u00f1o pasado solo hab\u00eda 310, \u201cel antepasado (con la administraci\u00f3n anterior de Carlos Franco Ruiz) solo fueron setenta y tantos\u2026 y ahora siguen llegando\u2026\u201d<br>En otros a\u00f1os, (debido a que gobern\u00f3 ya un periodo anterior este mismo municipio) llegamos a recibir m\u00e1s de 15 mil personas a diario \u201cy seguro vamos a repetir esto, para recibir de 15 mil a 20 mil personas a diario, con una derrama econ\u00f3mica importante, pero sobre todo la seguridad\u201d, ya que contar\u00e1n con presencia de la Guardia Nacional, de la Secretar\u00eda de la Defensa Nacional y de la Polic\u00eda estatal, todos coordinados con seguridad p\u00fablica municipal, \u201cestamos coadyuvando para darle una seguridad bien merecida, para la gente que viene a divertirse y a pasarla bien en familia\u2026\u201d, dijo.<\/p>\n\n\n\n<figure class=\"wp-block-image size-large\"><img loading=\"lazy\" decoding=\"async\" width=\"1024\" height=\"576\" src=\"http:\/\/www.maseual.com.mx\/web\/wp-content\/uploads\/2026\/01\/Feria-de-La-Candelaria-26-1024x576.jpg\" alt=\"\" class=\"wp-image-10048\" srcset=\"http:\/\/www.maseual.com.mx\/web\/wp-content\/uploads\/2026\/01\/Feria-de-La-Candelaria-26-1024x576.jpg 1024w, http:\/\/www.maseual.com.mx\/web\/wp-content\/uploads\/2026\/01\/Feria-de-La-Candelaria-26-300x169.jpg 300w, http:\/\/www.maseual.com.mx\/web\/wp-content\/uploads\/2026\/01\/Feria-de-La-Candelaria-26-768x432.jpg 768w, http:\/\/www.maseual.com.mx\/web\/wp-content\/uploads\/2026\/01\/Feria-de-La-Candelaria-26-1536x864.jpg 1536w, http:\/\/www.maseual.com.mx\/web\/wp-content\/uploads\/2026\/01\/Feria-de-La-Candelaria-26.jpg 1600w\" sizes=\"auto, (max-width: 1024px) 100vw, 1024px\" \/><\/figure>\n\n\n\n<p><br>Acept\u00f3 que Tlaquiltenango no cuenta con espacios necesarios para estacionamiento, sin embargo, invit\u00f3 a los visitantes de la regi\u00f3n a que hagan uso del servicio p\u00fablico para no saturar la cabecera y para los visitantes de otras partes del estado y el pa\u00eds, refiri\u00f3 que hay hoteles para hospedarse tanto en el municipio como en los aleda\u00f1os de Zacatepec y Jojutla.<\/p>\n\n\n\n<figure class=\"wp-block-image size-large\"><img loading=\"lazy\" decoding=\"async\" width=\"1024\" height=\"576\" src=\"http:\/\/www.maseual.com.mx\/web\/wp-content\/uploads\/2026\/01\/Feria-de-La-Candelaria-26b-1024x576.jpg\" alt=\"\" class=\"wp-image-10049\" srcset=\"http:\/\/www.maseual.com.mx\/web\/wp-content\/uploads\/2026\/01\/Feria-de-La-Candelaria-26b-1024x576.jpg 1024w, http:\/\/www.maseual.com.mx\/web\/wp-content\/uploads\/2026\/01\/Feria-de-La-Candelaria-26b-300x169.jpg 300w, http:\/\/www.maseual.com.mx\/web\/wp-content\/uploads\/2026\/01\/Feria-de-La-Candelaria-26b-768x432.jpg 768w, http:\/\/www.maseual.com.mx\/web\/wp-content\/uploads\/2026\/01\/Feria-de-La-Candelaria-26b-1536x864.jpg 1536w, http:\/\/www.maseual.com.mx\/web\/wp-content\/uploads\/2026\/01\/Feria-de-La-Candelaria-26b.jpg 1600w\" sizes=\"auto, (max-width: 1024px) 100vw, 1024px\" \/><\/figure>\n\n\n\n<p><br>Refiri\u00f3 que durante los tres a\u00f1os anteriores a su administraci\u00f3n se organizaron \u201cfiestas de pueblo\u201d que respeta, sin embargo, a partir de esta segunda emisi\u00f3n se busc\u00f3 recuperar la proyecci\u00f3n que ya se hab\u00eda iniciado en a\u00f1os atr\u00e1s, a fin de dar a conocer al municipio con su importancia e impacto que hist\u00f3ricamente, ya que Tlaquiltenango tuvo relevancia regional, fue cabecera de distrito y lleg\u00f3 a registrar los nacimientos de personas a nivel regi\u00f3n sur de Morelos.<\/p>\n\n\n\n<figure class=\"wp-block-image size-large\"><img loading=\"lazy\" decoding=\"async\" width=\"1024\" height=\"682\" src=\"http:\/\/www.maseual.com.mx\/web\/wp-content\/uploads\/2026\/01\/Feria-de-La-Candelaria-26c-1024x682.jpg\" alt=\"\" class=\"wp-image-10050\" srcset=\"http:\/\/www.maseual.com.mx\/web\/wp-content\/uploads\/2026\/01\/Feria-de-La-Candelaria-26c-1024x682.jpg 1024w, http:\/\/www.maseual.com.mx\/web\/wp-content\/uploads\/2026\/01\/Feria-de-La-Candelaria-26c-300x200.jpg 300w, http:\/\/www.maseual.com.mx\/web\/wp-content\/uploads\/2026\/01\/Feria-de-La-Candelaria-26c-768x512.jpg 768w, http:\/\/www.maseual.com.mx\/web\/wp-content\/uploads\/2026\/01\/Feria-de-La-Candelaria-26c-1536x1023.jpg 1536w, http:\/\/www.maseual.com.mx\/web\/wp-content\/uploads\/2026\/01\/Feria-de-La-Candelaria-26c.jpg 1600w\" sizes=\"auto, (max-width: 1024px) 100vw, 1024px\" \/><\/figure>\n","protected":false},"excerpt":{"rendered":"<p>Por HUGO BARBERI RICO \/ MASEUAL Tlaquiltenango, Morelos, M\u00e9xico, 23 de enero de 2026.- Tras&#8230;<\/p>\n","protected":false},"author":3,"featured_media":7991,"comment_status":"open","ping_status":"open","sticky":false,"template":"","format":"standard","meta":{"footnotes":""},"categories":[34],"tags":[],"class_list":["post-10046","post","type-post","status-publish","format-standard","has-post-thumbnail","hentry","category-noticias"],"featured_image_urls":{"full":["http:\/\/www.maseual.com.mx\/web\/wp-content\/uploads\/2025\/02\/Artesanias-barro-verde-oax-Otilio-scaled.jpg",2560,1920,false],"thumbnail":["http:\/\/www.maseual.com.mx\/web\/wp-content\/uploads\/2025\/02\/Artesanias-barro-verde-oax-Otilio-150x150.jpg",150,150,true],"medium":["http:\/\/www.maseual.com.mx\/web\/wp-content\/uploads\/2025\/02\/Artesanias-barro-verde-oax-Otilio-300x225.jpg",300,225,true],"medium_large":["http:\/\/www.maseual.com.mx\/web\/wp-content\/uploads\/2025\/02\/Artesanias-barro-verde-oax-Otilio-768x576.jpg",640,480,true],"large":["http:\/\/www.maseual.com.mx\/web\/wp-content\/uploads\/2025\/02\/Artesanias-barro-verde-oax-Otilio-1024x768.jpg",640,480,true],"1536x1536":["http:\/\/www.maseual.com.mx\/web\/wp-content\/uploads\/2025\/02\/Artesanias-barro-verde-oax-Otilio-1536x1152.jpg",1536,1152,true],"2048x2048":["http:\/\/www.maseual.com.mx\/web\/wp-content\/uploads\/2025\/02\/Artesanias-barro-verde-oax-Otilio-2048x1536.jpg",2048,1536,true],"newsever-slider-full":["http:\/\/www.maseual.com.mx\/web\/wp-content\/uploads\/2025\/02\/Artesanias-barro-verde-oax-Otilio-1280x845.jpg",1280,845,true],"newsever-featured":["http:\/\/www.maseual.com.mx\/web\/wp-content\/uploads\/2025\/02\/Artesanias-barro-verde-oax-Otilio-1024x768.jpg",1024,768,true],"newsever-medium":["http:\/\/www.maseual.com.mx\/web\/wp-content\/uploads\/2025\/02\/Artesanias-barro-verde-oax-Otilio-720x475.jpg",720,475,true]},"author_info":{"display_name":"Hugo Barberi Rico","author_link":"http:\/\/www.maseual.com.mx\/web\/author\/maseual\/"},"category_info":"<a href=\"http:\/\/www.maseual.com.mx\/web\/category\/noticias\/\" rel=\"category tag\">Noticias<\/a>","tag_info":"Noticias","comment_count":"0","_links":{"self":[{"href":"http:\/\/www.maseual.com.mx\/web\/wp-json\/wp\/v2\/posts\/10046","targetHints":{"allow":["GET"]}}],"collection":[{"href":"http:\/\/www.maseual.com.mx\/web\/wp-json\/wp\/v2\/posts"}],"about":[{"href":"http:\/\/www.maseual.com.mx\/web\/wp-json\/wp\/v2\/types\/post"}],"author":[{"embeddable":true,"href":"http:\/\/www.maseual.com.mx\/web\/wp-json\/wp\/v2\/users\/3"}],"replies":[{"embeddable":true,"href":"http:\/\/www.maseual.com.mx\/web\/wp-json\/wp\/v2\/comments?post=10046"}],"version-history":[{"count":1,"href":"http:\/\/www.maseual.com.mx\/web\/wp-json\/wp\/v2\/posts\/10046\/revisions"}],"predecessor-version":[{"id":10051,"href":"http:\/\/www.maseual.com.mx\/web\/wp-json\/wp\/v2\/posts\/10046\/revisions\/10051"}],"wp:featuredmedia":[{"embeddable":true,"href":"http:\/\/www.maseual.com.mx\/web\/wp-json\/wp\/v2\/media\/7991"}],"wp:attachment":[{"href":"http:\/\/www.maseual.com.mx\/web\/wp-json\/wp\/v2\/media?parent=10046"}],"wp:term":[{"taxonomy":"category","embeddable":true,"href":"http:\/\/www.maseual.com.mx\/web\/wp-json\/wp\/v2\/categories?post=10046"},{"taxonomy":"post_tag","embeddable":true,"href":"http:\/\/www.maseual.com.mx\/web\/wp-json\/wp\/v2\/tags?post=10046"}],"curies":[{"name":"wp","href":"https:\/\/api.w.org\/{rel}","templated":true}]}}