{"id":10248,"date":"2026-02-26T12:48:46","date_gmt":"2026-02-26T12:48:46","guid":{"rendered":"http:\/\/www.maseual.com.mx\/web\/?p=10248"},"modified":"2026-02-26T12:48:58","modified_gmt":"2026-02-26T12:48:58","slug":"tras-crisis-del-domingo-se-restablece-a-medias-servicio-de-transporte-y-comercio-en-jojutla","status":"publish","type":"post","link":"http:\/\/www.maseual.com.mx\/web\/2026\/02\/26\/tras-crisis-del-domingo-se-restablece-a-medias-servicio-de-transporte-y-comercio-en-jojutla\/","title":{"rendered":"TRAS CRISIS DEL DOMINGO, SE RESTABLECE A MEDIAS SERVICIO DE TRANSPORTE Y COMERCIO EN JOJUTLA"},"content":{"rendered":"\n<p class=\"wp-block-paragraph\">Por HUGO BARBERI RICO \/ MASEUAL<\/p>\n\n\n\n<ul class=\"wp-block-list\">\n<li><strong>* Alumnos de diversos niveles educativos no tuvieron clases<\/strong><\/li>\n<\/ul>\n\n\n\n<p class=\"wp-block-paragraph\">Zona sur de Morelos, M\u00e9xico, 24 de febrero de 2026.- No hubo clases ayer en las escuelas de la regi\u00f3n sur del estado de Morelos, como lo anticiparon desde la tarde del domingo jefaturas y organismos de lugares como el Instituto Tecnol\u00f3gico de Zacatepec, Preparatoria 4 de Jojutla, Secundaria Federal \u201cBenito Ju\u00e1rez\u201d, Centros de Bachillerato Tecnol\u00f3gico Industrial y de Servicios (CBTIS) 136 y 223, as\u00ed como el Centro de Estudios Tecnol\u00f3gicos, Industrial y de Servicios 122, como el agropecuario n\u00famero 8, ambos de Xoxocotla, entre otros.<br>Lo anterior, como respuesta a los acontecimientos sucedidos, en la regi\u00f3n, como la quema de cuatro veh\u00edculos en la zona occidente y que balearon un banco de bienestar en Mazatepec, consecuncia del anuncio de la muerte de Nemesio, identificado por las fuerzas castreneses y la Fiscal\u00eda General de la Rep\u00fablica, como jefe del C\u00e1rtel Jalisco Nueva Generaci\u00f3n, tras un enfrentamiento a balazos.<br>Lugares como la Unidad Habitacional Jos\u00e9 Mar\u00eda Morelos y Pav\u00f3n, de Jojutla, con m\u00e1s de tres mil habitantes, se quedaron sin el servicio de transporte colectivo de la ruta 10 desde la tarde del domingo y ayer todo el d\u00eda, como se pudo confirmar.<br>En tanto, los diversos derroteros de la diversidad de rutas colectivas, como \u201cDorados\u201d, \u201cAmarillos\u201d, Ruta 1, 2, con servicio de Jojutla a Alpuyeca, a Tlaltizapan, Zacatepec, Puente de Ixtla, Amacuzac, colonias conurbadas de Zacatepec con Tlaltizapan, entre otras, disminuyeron considerablemente el n\u00famero de unidades, como se pudo constatar durante el d\u00eda.<br>Calles y avenidas de lugares como la ciudad de Jojutla de Ju\u00e1rez y Zacatepec, centro, lucieron con pocos veh\u00edculos, sobre todo en las llamadas \u201choras pico\u201d, de entrada y salida de las escuelas, por la falta de clases y tambi\u00e9n por la falta de apertura de negocios.<br>Mientras que en el mercado municipal \u201cL\u00e1zaro C\u00e1rdenas\u201d de Zacatepec, se constat\u00f3 que no todos los locales se abrieron, se inform\u00f3 que fue alrededor de un 30 por ciento de comerciantes los que desistieron de abrir sus locales, en Jojutla, se reportaron al menos un 50 por ciento del total de locatarios que abrieron sus negocios en el mercado municipal m\u00e1s grande de la regi\u00f3n, el \u201cBenito Ju\u00e1rez\u201d.<br>De igual manera, la afluencia de visitantes se disminuy\u00f3 pr\u00e1cticamente en el mismo 50 por ciento, comentaron algunos due\u00f1os de locales consulados por este rotativo, entre ellos, Virginia Mancera Reyes, del \u00e1rea de zapater\u00edas.<br>Sin embargo, los negocios del centro de Jojutla, la mayor\u00eda regresaron a su actividad normal, coment\u00f3 el presidente de la C\u00e1mara Nacional de Comercio, Servicios y Turismos de Jojutla, Jes\u00fas Mauricio Puente Quevedo.<br>\u201cSi, yo vi bancos, tiendas, negocios de todos los giros funcionando\u201d, coment\u00f3.<br>En lugares como Coatl\u00e1n del R\u00edo, de la zona occidente de Morelos, \u201cvolvi\u00f3 la normalidad en la ma\u00f1ana\u201d, se restableci\u00f3 el servicio colectivo de taxis y la mayor\u00eda de los negocios abrieron, coment\u00f3 un comerciante que pidi\u00f3 el anonimato por temor a represalias.<br>Caso aparte, fueron los restaurantes de la laguna de Coatetelco, en la misma regi\u00f3n occidental, quienes funcionaron el domingo sin problema, ya que la informaci\u00f3n sobre los actos delincuenciales fueron lleg\u00f3 tarde y todo transcurri\u00f3 con normalidad, como lo coment\u00f3 la dirigente de los due\u00f1os de palapas, Margarita C\u00e1rdenas Nava.<\/p>\n","protected":false},"excerpt":{"rendered":"<p>Por HUGO BARBERI RICO \/ MASEUAL Zona sur de Morelos, M\u00e9xico, 24 de febrero de&#8230;<\/p>\n","protected":false},"author":3,"featured_media":10228,"comment_status":"open","ping_status":"open","sticky":false,"template":"","format":"standard","meta":{"footnotes":""},"categories":[34],"tags":[],"class_list":["post-10248","post","type-post","status-publish","format-standard","has-post-thumbnail","hentry","category-noticias"],"featured_image_urls":{"full":["http:\/\/www.maseual.com.mx\/web\/wp-content\/uploads\/2026\/02\/Quema-vehiculo-Mazatepec.jpg",1034,861,false],"thumbnail":["http:\/\/www.maseual.com.mx\/web\/wp-content\/uploads\/2026\/02\/Quema-vehiculo-Mazatepec-150x150.jpg",150,150,true],"medium":["http:\/\/www.maseual.com.mx\/web\/wp-content\/uploads\/2026\/02\/Quema-vehiculo-Mazatepec-300x250.jpg",300,250,true],"medium_large":["http:\/\/www.maseual.com.mx\/web\/wp-content\/uploads\/2026\/02\/Quema-vehiculo-Mazatepec-768x640.jpg",640,533,true],"large":["http:\/\/www.maseual.com.mx\/web\/wp-content\/uploads\/2026\/02\/Quema-vehiculo-Mazatepec-1024x853.jpg",640,533,true],"1536x1536":["http:\/\/www.maseual.com.mx\/web\/wp-content\/uploads\/2026\/02\/Quema-vehiculo-Mazatepec.jpg",1034,861,false],"2048x2048":["http:\/\/www.maseual.com.mx\/web\/wp-content\/uploads\/2026\/02\/Quema-vehiculo-Mazatepec.jpg",1034,861,false],"newsever-slider-full":["http:\/\/www.maseual.com.mx\/web\/wp-content\/uploads\/2026\/02\/Quema-vehiculo-Mazatepec-1034x845.jpg",1034,845,true],"newsever-featured":["http:\/\/www.maseual.com.mx\/web\/wp-content\/uploads\/2026\/02\/Quema-vehiculo-Mazatepec-1024x853.jpg",1024,853,true],"newsever-medium":["http:\/\/www.maseual.com.mx\/web\/wp-content\/uploads\/2026\/02\/Quema-vehiculo-Mazatepec-720x475.jpg",720,475,true]},"author_info":{"display_name":"Hugo Barberi Rico","author_link":"http:\/\/www.maseual.com.mx\/web\/author\/maseual\/"},"category_info":"<a href=\"http:\/\/www.maseual.com.mx\/web\/category\/noticias\/\" rel=\"category tag\">Noticias<\/a>","tag_info":"Noticias","comment_count":"0","_links":{"self":[{"href":"http:\/\/www.maseual.com.mx\/web\/wp-json\/wp\/v2\/posts\/10248","targetHints":{"allow":["GET"]}}],"collection":[{"href":"http:\/\/www.maseual.com.mx\/web\/wp-json\/wp\/v2\/posts"}],"about":[{"href":"http:\/\/www.maseual.com.mx\/web\/wp-json\/wp\/v2\/types\/post"}],"author":[{"embeddable":true,"href":"http:\/\/www.maseual.com.mx\/web\/wp-json\/wp\/v2\/users\/3"}],"replies":[{"embeddable":true,"href":"http:\/\/www.maseual.com.mx\/web\/wp-json\/wp\/v2\/comments?post=10248"}],"version-history":[{"count":1,"href":"http:\/\/www.maseual.com.mx\/web\/wp-json\/wp\/v2\/posts\/10248\/revisions"}],"predecessor-version":[{"id":10249,"href":"http:\/\/www.maseual.com.mx\/web\/wp-json\/wp\/v2\/posts\/10248\/revisions\/10249"}],"wp:featuredmedia":[{"embeddable":true,"href":"http:\/\/www.maseual.com.mx\/web\/wp-json\/wp\/v2\/media\/10228"}],"wp:attachment":[{"href":"http:\/\/www.maseual.com.mx\/web\/wp-json\/wp\/v2\/media?parent=10248"}],"wp:term":[{"taxonomy":"category","embeddable":true,"href":"http:\/\/www.maseual.com.mx\/web\/wp-json\/wp\/v2\/categories?post=10248"},{"taxonomy":"post_tag","embeddable":true,"href":"http:\/\/www.maseual.com.mx\/web\/wp-json\/wp\/v2\/tags?post=10248"}],"curies":[{"name":"wp","href":"https:\/\/api.w.org\/{rel}","templated":true}]}}