{"id":10355,"date":"2026-03-12T13:07:03","date_gmt":"2026-03-12T13:07:03","guid":{"rendered":"http:\/\/www.maseual.com.mx\/web\/?p=10355"},"modified":"2026-03-12T13:07:35","modified_gmt":"2026-03-12T13:07:35","slug":"einstein-pi-%f0%9d%9c%8b-hawking-y-marx","status":"publish","type":"post","link":"http:\/\/www.maseual.com.mx\/web\/2026\/03\/12\/einstein-pi-%f0%9d%9c%8b-hawking-y-marx\/","title":{"rendered":"Einstein, Pi( \ud835\udf0b), Hawking y Marx"},"content":{"rendered":"\n<p>Por ALEJANDRO C\u00c1RDENAS SAN ANTONIO \/ MASEUAL<\/p>\n\n\n\n<p>Cuernavaca, Morelos, M\u00e9xico, 12 de febrero de 2026.- <strong>Y hablando de fechas especiales en el mes de marzo, este pr\u00f3ximo d\u00eda 14, se celebra la raz\u00f3n humana: Pi( \ud835\udf0b) como s\u00edmbolo de misterio infinito, las matem\u00e1ticas como fuente de esperanza y los legados de Albert Einstein, Stephen Hawking y Carlos Marx, como prueba de que el pensamiento profundo transforma el mundo.<\/strong><\/p>\n\n\n\n<p><strong>Cada 14 de marzo, el calendario mundial se ti\u00f1e de n\u00fameros, f\u00f3rmulas y reflexiones. Lo que para muchos es una fecha cualquiera, para la comunidad cient\u00edfica y acad\u00e9mica representa un encuentro simb\u00f3lico entre las matem\u00e1ticas, la f\u00edsica y el pensamiento cr\u00edtico.<\/strong><\/p>\n\n\n\n<p><strong>En 2020, la UNESCO proclam\u00f3 oficialmente este d\u00eda como el \u201cD\u00eda Internacional de las Matem\u00e1ticas\u201d, una decisi\u00f3n que no respondi\u00f3 al azar: en el formato mes\/d\u00eda (3\/14), la fecha refleja la aproximaci\u00f3n m\u00e1s c\u00e9lebre del n\u00famero Pi( <\/strong><strong>\ud835\udf0b): 3,14.<\/strong><\/p>\n\n\n\n<p><strong>Pi( <\/strong><strong>\ud835\udf0b), es una constante que describe la relaci\u00f3n entre la circunferencia y el di\u00e1metro de un c\u00edrculo y se ha convertido en emblema de lo infinito y lo universal. Pi( <\/strong><strong>\ud835\udf0b), tiene infinitos decimales. Nosotros los de a pie, lo identificamos en la versi\u00f3n aproximada y abreviada: 3.1416\u2026 pero en realidad, los cient\u00edficos han logrado descifrar 10 billones de d\u00edgitos despu\u00e9s del 3.14.<\/strong><\/p>\n\n\n\n<p><strong>Un dato curioso, es que desde 1988, se celebra informalmente en escuelas y universidades de todo el mundo, el &#8220;Pi Day&#8221;, -d\u00eda del pastel- y consiste en actividades l\u00fadicas, concursos de memorizaci\u00f3n de decimales y desde luego, comer el pan que conocemos como Pay; un mero gui\u00f1o gastron\u00f3mico para ponerle sabor al asunto. Pero el 14 de marzo guarda m\u00e1s que curiosidades num\u00e9ricas: es tambi\u00e9n un d\u00eda marcado por la historia del pensamiento.<\/strong><\/p>\n\n\n\n<p><strong>Tres figuras monumentales de la humanidad compartieron, sin saberlo, la misma fecha de partida de este plano: Albert Einstein, Stephen Hawking y Carlos Marx. Einstein, el padre de la relatividad, falleci\u00f3 un 14 de marzo de 1955 en Princeton, Estados Unidos. Como detalle curioso, el f\u00edsico tambi\u00e9n hab\u00eda nacido un d\u00eda 14 de marzo, pero del a\u00f1o 1879, lo que convierte a esta fecha en un doble homenaje. Tras su muerte, su cerebro fue extra\u00eddo sin consentimiento familiar por el pat\u00f3logo Thomas Harvey, quien lo preserv\u00f3 en formol durante d\u00e9cadas, buscando en sus pliegues la clave de la genialidad.<\/strong><\/p>\n\n\n\n<p><strong>Exactamente 63 a\u00f1os despu\u00e9s, el 14 de marzo de 2018, Stephen Hawking, el cosm\u00f3logo que desafi\u00f3 los l\u00edmites del cuerpo humano para explorar los misterios del universo, muri\u00f3 en Cambridge, Reino Unido. Hawking, quien populariz\u00f3 la ciencia con obras como \u201cBreve historia del tiempo\u201d, dej\u00f3 un legado de resiliencia: demostr\u00f3 que la mente puede viajar donde el cuerpo no alcanza. Curiosamente, Hawking naci\u00f3 el 8 de enero, fecha del cumplea\u00f1os de Galileo Galilei, y tras su fallecimiento, sus cenizas fueron depositadas en la Abad\u00eda de Westminster, descansando f\u00edsicamente cerca de Isaac Newton.<\/strong><\/p>\n\n\n\n<p><strong>Carlos Marx, menos conocido en este contexto de n\u00fameros y f\u00f3rmulas, tambi\u00e9n muri\u00f3 un 14 de marzo, pero de 1883, en Londres.<\/strong><\/p>\n\n\n\n<p><strong>El fil\u00f3sofo alem\u00e1n, autor de \u201cEl Capital\u201d, transform\u00f3 para siempre el an\u00e1lisis de la sociedad y la econom\u00eda. En su discurso f\u00fanebre, Federico Engels, afirm\u00f3 que Marx hab\u00eda descubierto &#8220;\u2026la ley del desarrollo de la historia humana\u2026&#8221;, una analog\u00eda cient\u00edfica que resuena, ir\u00f3nicamente, en el d\u00eda dedicado a las matem\u00e1ticas.<\/strong><\/p>\n\n\n\n<p><strong>Entonces: \u00bfQu\u00e9 une a un f\u00edsico te\u00f3rico, un cosm\u00f3logo y un fil\u00f3sofo pol\u00edtico? La b\u00fasqueda incesante de patrones. Einstein descifr\u00f3 las leyes del cosmos; Hawking, los enigmas de los agujeros negros; Marx, las din\u00e1micas del poder y la producci\u00f3n.<\/strong><\/p>\n\n\n\n<p><strong>Todos intentaron escribir &#8220;ecuaciones&#8221; que explicaran la realidad, cada uno desde su disciplina.<\/strong><\/p>\n\n\n\n<p><strong>La UNESCO, al celebrar el \u201cD\u00eda Internacional de las Matem\u00e1ticas\u201d el 14 de marzo, busca tambi\u00e9n promover la igualdad de g\u00e9nero en las ciencias y destacar el rol de los n\u00fameros en la resoluci\u00f3n de desaf\u00edos globales: cambio clim\u00e1tico, salud p\u00fablica, inteligencia artificial. &#8220;Las matem\u00e1ticas son un lenguaje universal que nos permite comprender y transformar el mundo&#8221;, ha se\u00f1alado la organizaci\u00f3n en mensajes oficiales.<\/strong><\/p>\n\n\n\n<p><strong>As\u00ed, el 14 de marzo trasciende el calendario. No es solo el d\u00eda de un n\u00famero, sino un recordatorio de que la curiosidad humana -esa chispa que nos impulsa a preguntar, calcular y so\u00f1ar- es el verdadero motor del progreso y nos invita a reflexionar sobre c\u00f3mo la l\u00f3gica y la creatividad humana convergen para descifrar los misterios de la existencia y honrar a quienes dedicaron sus vidas a esa b\u00fasqueda, demostrando que el conocimiento, es la verdadera inmortalidad.<\/strong><\/p>\n","protected":false},"excerpt":{"rendered":"<p>Por ALEJANDRO C\u00c1RDENAS SAN ANTONIO \/ MASEUAL Cuernavaca, Morelos, M\u00e9xico, 12 de febrero de 2026.-&#8230;<\/p>\n","protected":false},"author":3,"featured_media":10356,"comment_status":"open","ping_status":"open","sticky":false,"template":"","format":"standard","meta":{"footnotes":""},"categories":[31],"tags":[],"class_list":["post-10355","post","type-post","status-publish","format-standard","has-post-thumbnail","hentry","category-opinion"],"featured_image_urls":{"full":["http:\/\/www.maseual.com.mx\/web\/wp-content\/uploads\/2026\/03\/dia-de-las-matematicas.jpg",832,1248,false],"thumbnail":["http:\/\/www.maseual.com.mx\/web\/wp-content\/uploads\/2026\/03\/dia-de-las-matematicas-150x150.jpg",150,150,true],"medium":["http:\/\/www.maseual.com.mx\/web\/wp-content\/uploads\/2026\/03\/dia-de-las-matematicas-200x300.jpg",200,300,true],"medium_large":["http:\/\/www.maseual.com.mx\/web\/wp-content\/uploads\/2026\/03\/dia-de-las-matematicas-768x1152.jpg",640,960,true],"large":["http:\/\/www.maseual.com.mx\/web\/wp-content\/uploads\/2026\/03\/dia-de-las-matematicas-683x1024.jpg",640,960,true],"1536x1536":["http:\/\/www.maseual.com.mx\/web\/wp-content\/uploads\/2026\/03\/dia-de-las-matematicas.jpg",832,1248,false],"2048x2048":["http:\/\/www.maseual.com.mx\/web\/wp-content\/uploads\/2026\/03\/dia-de-las-matematicas.jpg",832,1248,false],"newsever-slider-full":["http:\/\/www.maseual.com.mx\/web\/wp-content\/uploads\/2026\/03\/dia-de-las-matematicas-832x845.jpg",832,845,true],"newsever-featured":["http:\/\/www.maseual.com.mx\/web\/wp-content\/uploads\/2026\/03\/dia-de-las-matematicas.jpg",832,1248,false],"newsever-medium":["http:\/\/www.maseual.com.mx\/web\/wp-content\/uploads\/2026\/03\/dia-de-las-matematicas-720x475.jpg",720,475,true]},"author_info":{"display_name":"Hugo Barberi Rico","author_link":"http:\/\/www.maseual.com.mx\/web\/author\/maseual\/"},"category_info":"<a href=\"http:\/\/www.maseual.com.mx\/web\/category\/opinion\/\" rel=\"category tag\">Opini\u00f3n<\/a>","tag_info":"Opini\u00f3n","comment_count":"0","_links":{"self":[{"href":"http:\/\/www.maseual.com.mx\/web\/wp-json\/wp\/v2\/posts\/10355","targetHints":{"allow":["GET"]}}],"collection":[{"href":"http:\/\/www.maseual.com.mx\/web\/wp-json\/wp\/v2\/posts"}],"about":[{"href":"http:\/\/www.maseual.com.mx\/web\/wp-json\/wp\/v2\/types\/post"}],"author":[{"embeddable":true,"href":"http:\/\/www.maseual.com.mx\/web\/wp-json\/wp\/v2\/users\/3"}],"replies":[{"embeddable":true,"href":"http:\/\/www.maseual.com.mx\/web\/wp-json\/wp\/v2\/comments?post=10355"}],"version-history":[{"count":1,"href":"http:\/\/www.maseual.com.mx\/web\/wp-json\/wp\/v2\/posts\/10355\/revisions"}],"predecessor-version":[{"id":10357,"href":"http:\/\/www.maseual.com.mx\/web\/wp-json\/wp\/v2\/posts\/10355\/revisions\/10357"}],"wp:featuredmedia":[{"embeddable":true,"href":"http:\/\/www.maseual.com.mx\/web\/wp-json\/wp\/v2\/media\/10356"}],"wp:attachment":[{"href":"http:\/\/www.maseual.com.mx\/web\/wp-json\/wp\/v2\/media?parent=10355"}],"wp:term":[{"taxonomy":"category","embeddable":true,"href":"http:\/\/www.maseual.com.mx\/web\/wp-json\/wp\/v2\/categories?post=10355"},{"taxonomy":"post_tag","embeddable":true,"href":"http:\/\/www.maseual.com.mx\/web\/wp-json\/wp\/v2\/tags?post=10355"}],"curies":[{"name":"wp","href":"https:\/\/api.w.org\/{rel}","templated":true}]}}