{"id":10358,"date":"2026-03-13T21:56:46","date_gmt":"2026-03-13T21:56:46","guid":{"rendered":"http:\/\/www.maseual.com.mx\/web\/?p=10358"},"modified":"2026-03-13T21:56:51","modified_gmt":"2026-03-13T21:56:51","slug":"frenan-sarampion-en-tlaquiltenango","status":"publish","type":"post","link":"http:\/\/www.maseual.com.mx\/web\/2026\/03\/13\/frenan-sarampion-en-tlaquiltenango\/","title":{"rendered":"FRENAN SARAMPI\u00d3N EN TLAQUILTENANGO"},"content":{"rendered":"\n<p>Por HUGO BARBERI RICO \/ MASEUAL<\/p>\n\n\n\n<p>Tlaquiltenango, Morelos, M\u00e9xico, 12 de marzo de 2026.- Se fren\u00f3 el sarampi\u00f3n en este municipio, tras al caso registrado en diciembre pasado, se realiz\u00f3 un operativo de intervenci\u00f3n para vacunar a ni\u00f1os, adolescentes y adultos y ya no se han tenido m\u00e1s casos, inform\u00f3 la directora de salud en la localidad, Gisela Garc\u00eda Hern\u00e1ndez.<br>\u201cAqu\u00ed en el municipio de Tlaquiltenango, tuvimos en el mes de diciembre un caso registrado de sarampi\u00f3n, donde se actu\u00f3 inmediatamente en coordinaci\u00f3n con la Jurisdicci\u00f3n Sanitaria, con la vacunaci\u00f3n de toda la poblaci\u00f3n, infantil, adulta y de la tercera edad\u201d, dijo al ser entrevistada en el centro del municipio.<br>Sin embargo, Gisela Garc\u00eda, sobre la vacunaci\u00f3n establecida en el municipio, en el que se coordinaron con la Jurisdicci\u00f3n Sanitaria n\u00famero dos, de Jojutla, coment\u00f3 que la edad contemplada para la vacunaci\u00f3n fue hasta los 49 a\u00f1os, \u201cporque los de los 49 hacia arriba, ten\u00edan la vacuna, el refuerzo que tra\u00edamos de ni\u00f1os, pero cuando se da el brote en Tlaquiltenango, se vacunan a toda la poblaci\u00f3n en general, hasta la tercera edad\u201d.<br>Continu\u00f3 que al darse el brote de sarampi\u00f3n en el municipio, se vacun\u00f3 a toda la ciudadan\u00eda en general, tomando en cuenta principalmente a la tercera edad.<br>\u201cAfortunadamente se control\u00f3 el brote y ya no tuvimos mayor problema\u201d, a\u00f1adi\u00f3.<br>Como se recordar\u00e1, en diciembre pasado el secretario de salud en la entidad, Mario Ocampo Ocampo, inform\u00f3 del primer caso de sarampi\u00f3n en el sur de Morelos, justamente en este municipio; una mujer de 41 a\u00f1os de edad y proveniente de Baja California Norte, fue diagnosticada con la enfermedad<br>Viv\u00eda de manera regular en Tijuana y hasta que regres\u00f3 a esta entidad federativa, en el municipio de Tlaquiltenango, lleg\u00f3 y present\u00f3 s\u00edntomas los s\u00edntomas.<\/p>\n","protected":false},"excerpt":{"rendered":"<p>Por HUGO BARBERI RICO \/ MASEUAL Tlaquiltenango, Morelos, M\u00e9xico, 12 de marzo de 2026.- Se&#8230;<\/p>\n","protected":false},"author":3,"featured_media":9875,"comment_status":"open","ping_status":"open","sticky":false,"template":"","format":"standard","meta":{"footnotes":""},"categories":[34],"tags":[],"class_list":["post-10358","post","type-post","status-publish","format-standard","has-post-thumbnail","hentry","category-noticias"],"featured_image_urls":{"full":["http:\/\/www.maseual.com.mx\/web\/wp-content\/uploads\/2025\/12\/Sarampion2.jpg",784,625,false],"thumbnail":["http:\/\/www.maseual.com.mx\/web\/wp-content\/uploads\/2025\/12\/Sarampion2-150x150.jpg",150,150,true],"medium":["http:\/\/www.maseual.com.mx\/web\/wp-content\/uploads\/2025\/12\/Sarampion2-300x239.jpg",300,239,true],"medium_large":["http:\/\/www.maseual.com.mx\/web\/wp-content\/uploads\/2025\/12\/Sarampion2-768x612.jpg",640,510,true],"large":["http:\/\/www.maseual.com.mx\/web\/wp-content\/uploads\/2025\/12\/Sarampion2.jpg",640,510,false],"1536x1536":["http:\/\/www.maseual.com.mx\/web\/wp-content\/uploads\/2025\/12\/Sarampion2.jpg",784,625,false],"2048x2048":["http:\/\/www.maseual.com.mx\/web\/wp-content\/uploads\/2025\/12\/Sarampion2.jpg",784,625,false],"newsever-slider-full":["http:\/\/www.maseual.com.mx\/web\/wp-content\/uploads\/2025\/12\/Sarampion2.jpg",784,625,false],"newsever-featured":["http:\/\/www.maseual.com.mx\/web\/wp-content\/uploads\/2025\/12\/Sarampion2.jpg",784,625,false],"newsever-medium":["http:\/\/www.maseual.com.mx\/web\/wp-content\/uploads\/2025\/12\/Sarampion2-720x475.jpg",720,475,true]},"author_info":{"display_name":"Hugo Barberi Rico","author_link":"http:\/\/www.maseual.com.mx\/web\/author\/maseual\/"},"category_info":"<a href=\"http:\/\/www.maseual.com.mx\/web\/category\/noticias\/\" rel=\"category tag\">Noticias<\/a>","tag_info":"Noticias","comment_count":"0","_links":{"self":[{"href":"http:\/\/www.maseual.com.mx\/web\/wp-json\/wp\/v2\/posts\/10358","targetHints":{"allow":["GET"]}}],"collection":[{"href":"http:\/\/www.maseual.com.mx\/web\/wp-json\/wp\/v2\/posts"}],"about":[{"href":"http:\/\/www.maseual.com.mx\/web\/wp-json\/wp\/v2\/types\/post"}],"author":[{"embeddable":true,"href":"http:\/\/www.maseual.com.mx\/web\/wp-json\/wp\/v2\/users\/3"}],"replies":[{"embeddable":true,"href":"http:\/\/www.maseual.com.mx\/web\/wp-json\/wp\/v2\/comments?post=10358"}],"version-history":[{"count":1,"href":"http:\/\/www.maseual.com.mx\/web\/wp-json\/wp\/v2\/posts\/10358\/revisions"}],"predecessor-version":[{"id":10359,"href":"http:\/\/www.maseual.com.mx\/web\/wp-json\/wp\/v2\/posts\/10358\/revisions\/10359"}],"wp:featuredmedia":[{"embeddable":true,"href":"http:\/\/www.maseual.com.mx\/web\/wp-json\/wp\/v2\/media\/9875"}],"wp:attachment":[{"href":"http:\/\/www.maseual.com.mx\/web\/wp-json\/wp\/v2\/media?parent=10358"}],"wp:term":[{"taxonomy":"category","embeddable":true,"href":"http:\/\/www.maseual.com.mx\/web\/wp-json\/wp\/v2\/categories?post=10358"},{"taxonomy":"post_tag","embeddable":true,"href":"http:\/\/www.maseual.com.mx\/web\/wp-json\/wp\/v2\/tags?post=10358"}],"curies":[{"name":"wp","href":"https:\/\/api.w.org\/{rel}","templated":true}]}}