{"id":10648,"date":"2026-04-27T12:04:40","date_gmt":"2026-04-27T12:04:40","guid":{"rendered":"http:\/\/www.maseual.com.mx\/web\/?p=10648"},"modified":"2026-04-27T12:04:43","modified_gmt":"2026-04-27T12:04:43","slug":"orgullo-morelense-que-iluminara-la-proxima-navidad","status":"publish","type":"post","link":"http:\/\/www.maseual.com.mx\/web\/2026\/04\/27\/orgullo-morelense-que-iluminara-la-proxima-navidad\/","title":{"rendered":"Orgullo morelense que \u201ciluminar\u00e1\u201d la pr\u00f3xima Navidad"},"content":{"rendered":"\n<p>Por HUGO BARBERI RICO \/ MASEUAL<\/p>\n\n\n\n<p>Zacatepec, Morelos, M\u00e9xico, 27 de abril de 2026.- Las nochebuenas de Morelos se afianzan para la pr\u00f3xima Navidad, las familias morelenses podr\u00e1n adornar sus hogares con flores de Pascua 100% creadas en la entidad: m\u00e1s rojas, m\u00e1s resistentes al calor y al sol intenso del estado y sobre todo del sur, y con regal\u00edas que se quedan aqu\u00ed; as\u00ed lo anunci\u00f3 Sandra Elo\u00edsa Rangel Estrada, encargada de la direcci\u00f3n del Campo Experimental Zacatepec del Instituto Nacional de Investigaciones Forestales, Agr\u00edcolas y Pecuarias (INIFAP).<br>\u201cEsperamos que, con el gobierno del estado de Morelos, los productores las tengan en sus viveros de producci\u00f3n y puedan estar con el consumidor final este a\u00f1o\u201d, destac\u00f3 la investigadora.<br>Explic\u00f3 que estas variedades fueron desarrolladas completamente por cient\u00edficos mexicanos en Zacatepec. \u201cTodas son de color rojo, pero tienen caracter\u00edsticas diferentes en cuanto a la forma o intensidad del rojo, color de los tallos, de las hojas, tama\u00f1o y durabilidad.<br>Adem\u00e1s, tienen mayor resistencia a las condiciones del clima de Morelos\u201d, detall\u00f3.<br>El INIFAP ya liber\u00f3 diez variedades mexicanas con t\u00edtulo de obtentor. Algunas familias productoras ya firmaron convenios y cuentan con tres o cuatro de ellas; el objetivo es ampliarlo pronto a diez variedades y extender los acuerdos hasta por diez a\u00f1os.<br>\u201cA partir del a\u00f1o pasado, m\u00e1s o menos en noviembre, empezamos con la firma de convenios para que ellos tengan acceso a las variedades\u201d, se\u00f1al\u00f3 Rangel Estrada.<br>Gracias a un convenio entre el INIFAP y el Gobierno de Morelos \u2014bajo la conducci\u00f3n de la titular del poder ejecutivo, Margarita Gonz\u00e1lez Saravia Calder\u00f3n\u2014, los productores tendr\u00e1n acceso a estos materiales a un precio m\u00e1s accesible.<br>\u201cEs una situaci\u00f3n que beneficia al estado y a los productores de ornamentales\u201d, afirm\u00f3 la investigadora, quien ha sostenido varias reuniones con ellos.<\/p>\n\n\n\n<p><strong>Morelos, l\u00edder nacional seg\u00fan datos oficiales<\/strong><br>De acuerdo con informaci\u00f3n de la Secretar\u00eda de Desarrollo Agropecuario (Sedagro) del Gobierno del Estado de Morelos, la entidad se consolid\u00f3 como l\u00edder nacional en la producci\u00f3n de flor de Nochebuena, con seis millones de plantas en maceta y m\u00e1s de 800 unidades productivas dedicadas a esta actividad.<br>Adem\u00e1s, Morelos genera m\u00e1s de ocho millones de esquejes al a\u00f1o para mercados nacionales e internacionales.<br>Aunque en la zona sur del estado son pocas las familias que se dedican exclusivamente a la Nochebuena, muchas la combinan con otros ornamentales en maceta.<br>\u201cNo solo es ca\u00f1a, arroz o sorgo, sino tambi\u00e9n otros cultivos como el agave, que tiene denominaci\u00f3n de origen\u201d, record\u00f3 la investigadora.<br>El INIFAP ha desarrollado adem\u00e1s materiales resistentes a la radiaci\u00f3n intensa y las altas temperaturas de la regi\u00f3n sur.<br>La flor de Nochebuena es nativa de M\u00e9xico y tiene un arraigo especial en Morelos. Por eso, Sandra Elo\u00edsa Rangel Estrada hizo un llamado claro:<br>\u201cHay que impulsarla, porque es una planta que nace aqu\u00ed y hay que apoyarla para que siga generando empleo y bienestar en las familias morelenses\u201d.<br>Con estas nuevas variedades mexicanas, la ciencia del Campo Experimental Zacatepec no solo fortalece la tradici\u00f3n navide\u00f1a, sino que impulsa la econom\u00eda local, reduce la dependencia de materiales extranjeros y pone a Morelos en la vanguardia del cultivo de una de las flores m\u00e1s emblem\u00e1ticas del pa\u00eds. \u00a1M\u00e1s color, m\u00e1s orgullo y m\u00e1s ganancias para los productores morelenses!<\/p>\n","protected":false},"excerpt":{"rendered":"<p>Por HUGO BARBERI RICO \/ MASEUAL Zacatepec, Morelos, M\u00e9xico, 27 de abril de 2026.- Las&#8230;<\/p>\n","protected":false},"author":3,"featured_media":4696,"comment_status":"open","ping_status":"open","sticky":false,"template":"","format":"standard","meta":{"footnotes":""},"categories":[34],"tags":[],"class_list":["post-10648","post","type-post","status-publish","format-standard","has-post-thumbnail","hentry","category-noticias"],"featured_image_urls":{"full":["http:\/\/www.maseual.com.mx\/web\/wp-content\/uploads\/2023\/12\/Flor-de-pascua-o-noche-buena.jpg",1200,1600,false],"thumbnail":["http:\/\/www.maseual.com.mx\/web\/wp-content\/uploads\/2023\/12\/Flor-de-pascua-o-noche-buena-150x150.jpg",150,150,true],"medium":["http:\/\/www.maseual.com.mx\/web\/wp-content\/uploads\/2023\/12\/Flor-de-pascua-o-noche-buena-225x300.jpg",225,300,true],"medium_large":["http:\/\/www.maseual.com.mx\/web\/wp-content\/uploads\/2023\/12\/Flor-de-pascua-o-noche-buena-768x1024.jpg",640,853,true],"large":["http:\/\/www.maseual.com.mx\/web\/wp-content\/uploads\/2023\/12\/Flor-de-pascua-o-noche-buena-768x1024.jpg",640,853,true],"1536x1536":["http:\/\/www.maseual.com.mx\/web\/wp-content\/uploads\/2023\/12\/Flor-de-pascua-o-noche-buena-1152x1536.jpg",1152,1536,true],"2048x2048":["http:\/\/www.maseual.com.mx\/web\/wp-content\/uploads\/2023\/12\/Flor-de-pascua-o-noche-buena.jpg",1200,1600,false],"newsever-slider-full":["http:\/\/www.maseual.com.mx\/web\/wp-content\/uploads\/2023\/12\/Flor-de-pascua-o-noche-buena-1200x845.jpg",1200,845,true],"newsever-featured":["http:\/\/www.maseual.com.mx\/web\/wp-content\/uploads\/2023\/12\/Flor-de-pascua-o-noche-buena-1024x1365.jpg",1024,1365,true],"newsever-medium":["http:\/\/www.maseual.com.mx\/web\/wp-content\/uploads\/2023\/12\/Flor-de-pascua-o-noche-buena-720x475.jpg",720,475,true]},"author_info":{"display_name":"Hugo Barberi Rico","author_link":"http:\/\/www.maseual.com.mx\/web\/author\/maseual\/"},"category_info":"<a href=\"http:\/\/www.maseual.com.mx\/web\/category\/noticias\/\" rel=\"category tag\">Noticias<\/a>","tag_info":"Noticias","comment_count":"0","_links":{"self":[{"href":"http:\/\/www.maseual.com.mx\/web\/wp-json\/wp\/v2\/posts\/10648","targetHints":{"allow":["GET"]}}],"collection":[{"href":"http:\/\/www.maseual.com.mx\/web\/wp-json\/wp\/v2\/posts"}],"about":[{"href":"http:\/\/www.maseual.com.mx\/web\/wp-json\/wp\/v2\/types\/post"}],"author":[{"embeddable":true,"href":"http:\/\/www.maseual.com.mx\/web\/wp-json\/wp\/v2\/users\/3"}],"replies":[{"embeddable":true,"href":"http:\/\/www.maseual.com.mx\/web\/wp-json\/wp\/v2\/comments?post=10648"}],"version-history":[{"count":1,"href":"http:\/\/www.maseual.com.mx\/web\/wp-json\/wp\/v2\/posts\/10648\/revisions"}],"predecessor-version":[{"id":10649,"href":"http:\/\/www.maseual.com.mx\/web\/wp-json\/wp\/v2\/posts\/10648\/revisions\/10649"}],"wp:featuredmedia":[{"embeddable":true,"href":"http:\/\/www.maseual.com.mx\/web\/wp-json\/wp\/v2\/media\/4696"}],"wp:attachment":[{"href":"http:\/\/www.maseual.com.mx\/web\/wp-json\/wp\/v2\/media?parent=10648"}],"wp:term":[{"taxonomy":"category","embeddable":true,"href":"http:\/\/www.maseual.com.mx\/web\/wp-json\/wp\/v2\/categories?post=10648"},{"taxonomy":"post_tag","embeddable":true,"href":"http:\/\/www.maseual.com.mx\/web\/wp-json\/wp\/v2\/tags?post=10648"}],"curies":[{"name":"wp","href":"https:\/\/api.w.org\/{rel}","templated":true}]}}