{"id":10653,"date":"2026-04-29T13:22:34","date_gmt":"2026-04-29T13:22:34","guid":{"rendered":"http:\/\/www.maseual.com.mx\/web\/?p=10653"},"modified":"2026-04-29T13:22:44","modified_gmt":"2026-04-29T13:22:44","slug":"nueva-movilizacion-en-bachillerato-de-xoxocotla","status":"publish","type":"post","link":"http:\/\/www.maseual.com.mx\/web\/2026\/04\/29\/nueva-movilizacion-en-bachillerato-de-xoxocotla\/","title":{"rendered":"NUEVA MOVILIZACI\u00d3N EN BACHILLERATO DE XOXOCOTLA"},"content":{"rendered":"\n<p>Por HUGO BARBERI RICO \/ MASEUAL<\/p>\n\n\n\n<p>Xoxocotla, Morelos, M\u00e9xico, 28 de abril de 2026.- Con la demanda de remoci\u00f3n, tanto de un profesor de nombre S\u00f3crates Emmanuel, como del director, Erik Salazar L\u00f3pez, por encubrir al primero, estudiantes del \u00e1rea de \u201ctrabajo social\u201d, realizaron una toma parcial indefinida de las instalaciones del Centro de Estudios Superiores, Industriales y de Servicios (CETIS) 122 de Xoxocotla, por m\u00e1s de cuatro horas.<br>Los estudiantes, alumnas en su mayor\u00eda, denunciaron que se sienten inseguros en el plantel debido a que se sostiene a dicho profesor, pese a que ha sido denunciado en diversas ocasiones por mantener una relaci\u00f3n privada con una de sus compa\u00f1eras, situaci\u00f3n que llevaron a la edici\u00f3n 16 Conferencia Nacional de Procuradur\u00edas de Protecci\u00f3n de Ni\u00f1as, Ni\u00f1os y Adolescentes, a trav\u00e9s de una estudiante, a quien, luego de tomar el tema con recomendaciones directas a la escuela, ahora es v\u00edctima de represalias, \u201cest\u00e1 siendo se\u00f1alada, presionada y expuesta a posibles represalias\u201d, expresaron en un comunicado los alumnos inconformes.<br>Lo anterior, aunado a que dicho profesor se ha sostenido en la escuela y le han asignado comisiones que tienen que ver con el manejo de grupos de alumnas.<br>En el mismo comunicado, reiteran que tomaron la escuela porque no atienden \u201cde fondo\u201d, el problema de las represalias contra su compa\u00f1era y \u201cexiste preocupaci\u00f3n real por represalias acad\u00e9micas y personales, ya que el director, Erik Salazar\u2026 intimid\u00f3 a una docente de nuestra especialidad y dijo que nuestra carrera no tendr\u00e1 m\u00e1s apoyo para actividades extracurriculares\u201d, aunado a que hay encubrimiento y omisi\u00f3n por parte de las autoridades de la escuela.<br>Pidieron la garant\u00eda \u201cde un entorno seguro para los estudiantes\u201d.<br>Exigieron respeto a la libertad de expresi\u00f3n, seguridad y que se atiendan los problemas se\u00f1alados.<br>Pidieron la intervenci\u00f3n de la gobernadora de Morelos, Margarita Gonz\u00e1lez Saravia Calder\u00f3n, de la Comisi\u00f3n Nacional de Derechos Humanos y tambi\u00e9n de la estatal, sin embargo, a la escuela solo se presentaron autoridades locales.<br>Mientras se desarrollaba la manifestaci\u00f3n, dentro de la escuela establecieron una mesa de negociaciones, donde particip\u00f3 adem\u00e1s del director, el jefe del Departamento de Servicios Administrativos, Manuel Aquino Molina, la delegada de la Procuradur\u00eda de Protecci\u00f3n de Ni\u00f1as, Ni\u00f1os, Adolescentes y la Familia del Sistema Municipal para el Desarrollo Integral de la Familia, Xoxoxotla, Milca Bitia Gervasio Leal y el director municipal de Derechos Humanos de Xoxoxotla, David Solis Corona.<br>Extraoficialmente se dieron a conocer los siguientes acuerdos:<br>\u201c1. Se da respuesta al pliego petitorio por parte de la direcci\u00f3n, aclarando y dando prueba del proceso que se ha dado ante el caso del C. (profesor) S\u00f3crates\u2026, demostrando con documentos el seguimiento conforme a la normatividad de la instituci\u00f3n.<br>\u201c2. Se acord\u00f3 en la mesa de trabajo de la elaboraci\u00f3n de un oficio de petici\u00f3n a las autoridades estatales de la DGETI para solicitar la reubicaci\u00f3n del C. S\u00f3crates\u2026 a otra instalaci\u00f3n.<br>\u201c3. En relaci\u00f3n al caso de la C. Areli Espin Ram\u00edrez, se les informa que la trabajadora ya ha sido removida de su cargo y reubicada en otras instalaciones.<br>\u201c4. Las partes involucradas se comprometen a dar seguimiento puntual a los<br>acuerdos establecidos.\u201d<br>Sobre el caso de Areli Esp\u00edn, precisaron que como \u201cjefa de escolares\u201d supo de la denuncia contra el profesor \u201cS\u00f3crates\u201d y no hizo nada, situaci\u00f3n que le increparon en otro cierre de plantel en octubre pasado, pero finalmente no se toc\u00f3 el tema de la destituci\u00f3n del director de la escuela, una de las dos demandas principales que los alumnos manifestaron ante los medios de comunicaci\u00f3n al tomar la escuela.<\/p>\n","protected":false},"excerpt":{"rendered":"<p>Por HUGO BARBERI RICO \/ MASEUAL Xoxocotla, Morelos, M\u00e9xico, 28 de abril de 2026.- Con&#8230;<\/p>\n","protected":false},"author":3,"featured_media":10654,"comment_status":"open","ping_status":"open","sticky":false,"template":"","format":"standard","meta":{"footnotes":""},"categories":[34],"tags":[],"class_list":["post-10653","post","type-post","status-publish","format-standard","has-post-thumbnail","hentry","category-noticias"],"featured_image_urls":{"full":["http:\/\/www.maseual.com.mx\/web\/wp-content\/uploads\/2026\/04\/Toma-cetis-122.png",1200,628,false],"thumbnail":["http:\/\/www.maseual.com.mx\/web\/wp-content\/uploads\/2026\/04\/Toma-cetis-122-150x150.png",150,150,true],"medium":["http:\/\/www.maseual.com.mx\/web\/wp-content\/uploads\/2026\/04\/Toma-cetis-122-300x157.png",300,157,true],"medium_large":["http:\/\/www.maseual.com.mx\/web\/wp-content\/uploads\/2026\/04\/Toma-cetis-122-768x402.png",640,335,true],"large":["http:\/\/www.maseual.com.mx\/web\/wp-content\/uploads\/2026\/04\/Toma-cetis-122-1024x536.png",640,335,true],"1536x1536":["http:\/\/www.maseual.com.mx\/web\/wp-content\/uploads\/2026\/04\/Toma-cetis-122.png",1200,628,false],"2048x2048":["http:\/\/www.maseual.com.mx\/web\/wp-content\/uploads\/2026\/04\/Toma-cetis-122.png",1200,628,false],"newsever-slider-full":["http:\/\/www.maseual.com.mx\/web\/wp-content\/uploads\/2026\/04\/Toma-cetis-122.png",1200,628,false],"newsever-featured":["http:\/\/www.maseual.com.mx\/web\/wp-content\/uploads\/2026\/04\/Toma-cetis-122-1024x536.png",1024,536,true],"newsever-medium":["http:\/\/www.maseual.com.mx\/web\/wp-content\/uploads\/2026\/04\/Toma-cetis-122-720x475.png",720,475,true]},"author_info":{"display_name":"Hugo Barberi Rico","author_link":"http:\/\/www.maseual.com.mx\/web\/author\/maseual\/"},"category_info":"<a href=\"http:\/\/www.maseual.com.mx\/web\/category\/noticias\/\" rel=\"category tag\">Noticias<\/a>","tag_info":"Noticias","comment_count":"0","_links":{"self":[{"href":"http:\/\/www.maseual.com.mx\/web\/wp-json\/wp\/v2\/posts\/10653","targetHints":{"allow":["GET"]}}],"collection":[{"href":"http:\/\/www.maseual.com.mx\/web\/wp-json\/wp\/v2\/posts"}],"about":[{"href":"http:\/\/www.maseual.com.mx\/web\/wp-json\/wp\/v2\/types\/post"}],"author":[{"embeddable":true,"href":"http:\/\/www.maseual.com.mx\/web\/wp-json\/wp\/v2\/users\/3"}],"replies":[{"embeddable":true,"href":"http:\/\/www.maseual.com.mx\/web\/wp-json\/wp\/v2\/comments?post=10653"}],"version-history":[{"count":1,"href":"http:\/\/www.maseual.com.mx\/web\/wp-json\/wp\/v2\/posts\/10653\/revisions"}],"predecessor-version":[{"id":10655,"href":"http:\/\/www.maseual.com.mx\/web\/wp-json\/wp\/v2\/posts\/10653\/revisions\/10655"}],"wp:featuredmedia":[{"embeddable":true,"href":"http:\/\/www.maseual.com.mx\/web\/wp-json\/wp\/v2\/media\/10654"}],"wp:attachment":[{"href":"http:\/\/www.maseual.com.mx\/web\/wp-json\/wp\/v2\/media?parent=10653"}],"wp:term":[{"taxonomy":"category","embeddable":true,"href":"http:\/\/www.maseual.com.mx\/web\/wp-json\/wp\/v2\/categories?post=10653"},{"taxonomy":"post_tag","embeddable":true,"href":"http:\/\/www.maseual.com.mx\/web\/wp-json\/wp\/v2\/tags?post=10653"}],"curies":[{"name":"wp","href":"https:\/\/api.w.org\/{rel}","templated":true}]}}