{"id":11242,"date":"2026-09-01T16:38:48","date_gmt":"2026-09-01T16:38:48","guid":{"rendered":"http:\/\/www.maseual.com.mx\/web\/?p=11242"},"modified":"2026-09-01T16:38:51","modified_gmt":"2026-09-01T16:38:51","slug":"por-lo-menos-25-mil-alumnos-sin-clases-por-cierre-de-bachilleratos","status":"publish","type":"post","link":"http:\/\/www.maseual.com.mx\/web\/2026\/09\/01\/por-lo-menos-25-mil-alumnos-sin-clases-por-cierre-de-bachilleratos\/","title":{"rendered":"POR LO MENOS 25 MIL ALUMNOS SIN CLASES POR CIERRE DE BACHILLERATOS"},"content":{"rendered":"\n<p class=\"wp-block-paragraph\">Por HUGO BARBERI RICO \/ MASEUAL<\/p>\n\n\n\n<p class=\"wp-block-paragraph\">Zacatepec, Morelos, M\u00e9xico, 1 de septiembre de 2026.- Como lo advirtieron, \u201cpararon\u201d labores y \u201ccancelaron\u201d el inicio de clases a por lo menos 25 mil alumnos, docentes y administrativos de al menos 23 bachilleratos de Morelos, por la falta de cumplimiento en pagos pendientes que en esta entidad se estiman poco m\u00e1s de 60 millones de pesos (mdp) y a nivel nacional 2 mil mdp, aunado a que en escuelas como el 223 y el 8, de Zacatepec y Xoxocotla, respectivamente, tienen conflictos pendientes particulares de ambas instituciones de nivel medio superior.<\/p>\n\n\n\n<p class=\"wp-block-paragraph\">El paro laboral y suspensi\u00f3n de clases, se realizar\u00e1 en forma intermitente, es decir, ser\u00e1 lunes y martes de esta semana y si no hay soluci\u00f3n los volver\u00e1n a realizar el otro lunes y martes. De no haber respuesta por parte de las autoridades federales de la Direcci\u00f3n General de Educaci\u00f3n Tecnol\u00f3gica Industrial (DGETI) y su af\u00edn, el movimiento ya ser\u00eda permanente, como lo informaron a este medio en el Centro de Bachillerato Tecnol\u00f3gico y de Servicios 223, donde ya tienen dos semanas con un movimiento de paro de labores que afect\u00f3 las reinscripciones al plantel.<\/p>\n\n\n\n<figure class=\"wp-block-image size-large\"><img loading=\"lazy\" decoding=\"async\" width=\"1024\" height=\"768\" src=\"http:\/\/www.maseual.com.mx\/web\/wp-content\/uploads\/2026\/09\/PARO-CBTIS-223b-1024x768.jpg\" alt=\"\" class=\"wp-image-11244\" srcset=\"http:\/\/www.maseual.com.mx\/web\/wp-content\/uploads\/2026\/09\/PARO-CBTIS-223b-1024x768.jpg 1024w, http:\/\/www.maseual.com.mx\/web\/wp-content\/uploads\/2026\/09\/PARO-CBTIS-223b-300x225.jpg 300w, http:\/\/www.maseual.com.mx\/web\/wp-content\/uploads\/2026\/09\/PARO-CBTIS-223b-768x576.jpg 768w, http:\/\/www.maseual.com.mx\/web\/wp-content\/uploads\/2026\/09\/PARO-CBTIS-223b.jpg 1280w\" sizes=\"auto, (max-width: 1024px) 100vw, 1024px\" \/><\/figure>\n\n\n\n<p class=\"wp-block-paragraph\">Pedro Herrera Mart\u00ednez, docente del CBTIS 223 y secretario de organizaci\u00f3n del comit\u00e9 sindical, inform\u00f3 que dicho paro a nivel estatal se avis\u00f3 con tiempo, \u201cde que si no se cubr\u00eda el pago a compa\u00f1eros jubilados y tambi\u00e9n a directivos que se les debe su peirodo, no se iba a iniciar el ciclo escolar a nivel estado\u201d.<\/p>\n\n\n\n<p class=\"wp-block-paragraph\">Culp\u00f3 a las autoridades, que a pesar de haber tenido el conocimiento desde hace varios a\u00f1os, no les dan soluci\u00f3n de peticiones que han hecho como sindicato, como el pago de adeudos por a\u00f1os de antig\u00fcedad, para sus compa\u00f1eros que con a\u00f1os de jubilarse \u201cy no han tenido su finiquito. Tambi\u00e9n hay compa\u00f1eros que han cumplido a\u00f1os de antig\u00fcedad y tampoco se les ha pagado su est\u00edmulo\u201d, precis\u00f3 el profesor entrevistado afuera de las instalaciones del CBTIS 223 ubicado en la comunidad de Galeana, municipio de Zacatepec.<\/p>\n\n\n\n<p class=\"wp-block-paragraph\">A\u00f1adi\u00f3 que ya tienen casos como de personal directivo que ejerci\u00f3 todo su periodo y tampoco se les pag\u00f3 una compensaci\u00f3n a la que tienen derecho, pues ya ejercen otros directivos y a ellos no se les paga. En el mismo contexto, hay casos en de profesores que por asunto de vejez, cesant\u00eda, de lesiones, que tampoco les han hecho los pagos, en el que tambi\u00e9n destaca un \u201capoyo\u201d para lentes, que tampoco se les ha cubierto.<\/p>\n\n\n\n<figure class=\"wp-block-image size-large\"><img loading=\"lazy\" decoding=\"async\" width=\"1024\" height=\"768\" src=\"http:\/\/www.maseual.com.mx\/web\/wp-content\/uploads\/2026\/09\/Paro-CBTIS-223C-1024x768.jpg\" alt=\"\" class=\"wp-image-11245\" srcset=\"http:\/\/www.maseual.com.mx\/web\/wp-content\/uploads\/2026\/09\/Paro-CBTIS-223C-1024x768.jpg 1024w, http:\/\/www.maseual.com.mx\/web\/wp-content\/uploads\/2026\/09\/Paro-CBTIS-223C-300x225.jpg 300w, http:\/\/www.maseual.com.mx\/web\/wp-content\/uploads\/2026\/09\/Paro-CBTIS-223C-768x576.jpg 768w, http:\/\/www.maseual.com.mx\/web\/wp-content\/uploads\/2026\/09\/Paro-CBTIS-223C.jpg 1280w\" sizes=\"auto, (max-width: 1024px) 100vw, 1024px\" \/><\/figure>\n\n\n\n<p class=\"wp-block-paragraph\">Consider\u00f3 que solo han encontrado indolencia y burla por parte de las autoridades, pues han tomado acuerdo para que paguen y no lo hacen.<\/p>\n\n\n\n<p class=\"wp-block-paragraph\">En cuanto a la atenci\u00f3n a los padres de familia y alumnos, el profesor explic\u00f3 que el caso del 223 y dem\u00e1s planteles que tengan pendientes, como las reinscripciones, las llevar\u00e1n a cabo el mi\u00e9rcoles pr\u00f3ximo, pero si no les responden, continuar\u00e1n el pr\u00f3ximo lunes.<\/p>\n\n\n\n<p class=\"wp-block-paragraph\">Record\u00f3 que son 11 instituciones educativas por parte del sistema de DGETI, 9 por parte del Direcci\u00f3n General de Educaci\u00f3n Tecnol\u00f3gica Agropecuaria y Ciencias del Mar, m\u00e1s 4 brigadas \u201cy un plantel de GB\u201d.<\/p>\n","protected":false},"excerpt":{"rendered":"<p>Por HUGO BARBERI RICO \/ MASEUAL Zacatepec, Morelos, M\u00e9xico, 1 de septiembre de 2026.- Como&#8230;<\/p>\n","protected":false},"author":3,"featured_media":11243,"comment_status":"open","ping_status":"open","sticky":false,"template":"","format":"standard","meta":{"footnotes":""},"categories":[34],"tags":[],"class_list":["post-11242","post","type-post","status-publish","format-standard","has-post-thumbnail","hentry","category-noticias"],"featured_image_urls":{"full":["http:\/\/www.maseual.com.mx\/web\/wp-content\/uploads\/2026\/09\/Paro-CBTIS-223.jpg",1280,960,false],"thumbnail":["http:\/\/www.maseual.com.mx\/web\/wp-content\/uploads\/2026\/09\/Paro-CBTIS-223-150x150.jpg",150,150,true],"medium":["http:\/\/www.maseual.com.mx\/web\/wp-content\/uploads\/2026\/09\/Paro-CBTIS-223-300x225.jpg",300,225,true],"medium_large":["http:\/\/www.maseual.com.mx\/web\/wp-content\/uploads\/2026\/09\/Paro-CBTIS-223-768x576.jpg",640,480,true],"large":["http:\/\/www.maseual.com.mx\/web\/wp-content\/uploads\/2026\/09\/Paro-CBTIS-223-1024x768.jpg",640,480,true],"1536x1536":["http:\/\/www.maseual.com.mx\/web\/wp-content\/uploads\/2026\/09\/Paro-CBTIS-223.jpg",1280,960,false],"2048x2048":["http:\/\/www.maseual.com.mx\/web\/wp-content\/uploads\/2026\/09\/Paro-CBTIS-223.jpg",1280,960,false],"newsever-slider-full":["http:\/\/www.maseual.com.mx\/web\/wp-content\/uploads\/2026\/09\/Paro-CBTIS-223-1280x845.jpg",1280,845,true],"newsever-featured":["http:\/\/www.maseual.com.mx\/web\/wp-content\/uploads\/2026\/09\/Paro-CBTIS-223-1024x768.jpg",1024,768,true],"newsever-medium":["http:\/\/www.maseual.com.mx\/web\/wp-content\/uploads\/2026\/09\/Paro-CBTIS-223-720x475.jpg",720,475,true]},"author_info":{"display_name":"Hugo Barberi Rico","author_link":"http:\/\/www.maseual.com.mx\/web\/author\/maseual\/"},"category_info":"<a href=\"http:\/\/www.maseual.com.mx\/web\/category\/noticias\/\" rel=\"category tag\">Noticias<\/a>","tag_info":"Noticias","comment_count":"0","_links":{"self":[{"href":"http:\/\/www.maseual.com.mx\/web\/wp-json\/wp\/v2\/posts\/11242","targetHints":{"allow":["GET"]}}],"collection":[{"href":"http:\/\/www.maseual.com.mx\/web\/wp-json\/wp\/v2\/posts"}],"about":[{"href":"http:\/\/www.maseual.com.mx\/web\/wp-json\/wp\/v2\/types\/post"}],"author":[{"embeddable":true,"href":"http:\/\/www.maseual.com.mx\/web\/wp-json\/wp\/v2\/users\/3"}],"replies":[{"embeddable":true,"href":"http:\/\/www.maseual.com.mx\/web\/wp-json\/wp\/v2\/comments?post=11242"}],"version-history":[{"count":1,"href":"http:\/\/www.maseual.com.mx\/web\/wp-json\/wp\/v2\/posts\/11242\/revisions"}],"predecessor-version":[{"id":11246,"href":"http:\/\/www.maseual.com.mx\/web\/wp-json\/wp\/v2\/posts\/11242\/revisions\/11246"}],"wp:featuredmedia":[{"embeddable":true,"href":"http:\/\/www.maseual.com.mx\/web\/wp-json\/wp\/v2\/media\/11243"}],"wp:attachment":[{"href":"http:\/\/www.maseual.com.mx\/web\/wp-json\/wp\/v2\/media?parent=11242"}],"wp:term":[{"taxonomy":"category","embeddable":true,"href":"http:\/\/www.maseual.com.mx\/web\/wp-json\/wp\/v2\/categories?post=11242"},{"taxonomy":"post_tag","embeddable":true,"href":"http:\/\/www.maseual.com.mx\/web\/wp-json\/wp\/v2\/tags?post=11242"}],"curies":[{"name":"wp","href":"https:\/\/api.w.org\/{rel}","templated":true}]}}