{"id":11247,"date":"2026-09-01T16:41:49","date_gmt":"2026-09-01T16:41:49","guid":{"rendered":"http:\/\/www.maseual.com.mx\/web\/?p=11247"},"modified":"2026-09-01T16:41:52","modified_gmt":"2026-09-01T16:41:52","slug":"cierran-kinder-y-retienen-a-directora","status":"publish","type":"post","link":"http:\/\/www.maseual.com.mx\/web\/2026\/09\/01\/cierran-kinder-y-retienen-a-directora\/","title":{"rendered":"CIERRAN KINDER Y RETIENEN A DIRECTORA"},"content":{"rendered":"\n<p class=\"wp-block-paragraph\">Por HUGO BARBERI RICO \/ MASEUAL<\/p>\n\n\n\n<p class=\"wp-block-paragraph\">Jojutla, Morelos, M\u00e9xico, 1 de septiembre de 2026.- Suspensi\u00f3n de clases, provoc\u00f3 ayer un conflicto escolar entre padres de familia en el jard\u00edn de ni\u00f1os \u201cVicente Guerrero\u201d de la colonia del mismo nombre de la comunidad de Tlatenchi, municipio de Jojutla, sin embargo, el hecho lleg\u00f3 al extremo en el que se denunci\u00f3 la retenci\u00f3n ilegal de la directora del plantel, Blanca Abinadi Brise\u00f1o Hern\u00e1ndez, por lo que lleg\u00f3 un abogado al rescate y la polic\u00eda estatal.<\/p>\n\n\n\n<p class=\"wp-block-paragraph\">Se inform\u00f3 que la instituci\u00f3n fue tomada por padres de familia, sin embargo, al llegar este medio de comunicaci\u00f3n al lugar, se encontr\u00f3 con que se trataba de una manifestaci\u00f3n de protesta, presuntamente contra la directora, sin embargo, alrededor de las 13:00 horas la escuela permanec\u00eda con el port\u00f3n abierto de la entrada. En uno de los salones, hab\u00eda una reuni\u00f3n a puerta cerrada en la que padres de familia dieron a conocer que en el interior permanec\u00eda retenida la directora.<\/p>\n\n\n\n<p class=\"wp-block-paragraph\">En un momento, sali\u00f3 la directora del plantel, para otro sal\u00f3n, pero acompa\u00f1ada de otra persona, hasta que regres\u00f3 a la misma reuni\u00f3n. \u201cYa vieron, est\u00e1 retenida, la escoltan, no la dejan salir\u201d, denunciaron padres de familia que permanec\u00edan al tanto cerca de la direcci\u00f3n.<\/p>\n\n\n\n<p class=\"wp-block-paragraph\">Casi en la entrada del prescolar, estaba otro grupo de madres de familia, quienes se negaron a dar informaci\u00f3n y a salir en alguna imagen p\u00fablica; \u201cson los que quieren sacar a la directora sin ning\u00fan fundamento\u201d, replicaron padres de familia del otro grupo.<\/p>\n\n\n\n<p class=\"wp-block-paragraph\">Martha Tejeda Cruz, expres\u00f3 que un grupo de padres de familia est\u00e1 en desacuerdo con un corte de caja que present\u00f3 la directiva, por lo que ayer, desde primera hora se concentraron en la entrada e imped\u00edan el paso a quienes llevaban a sus ni\u00f1os a clases, \u201cllegaron gente del IEBEM (Instituto de Educaci\u00f3n B\u00e1sica del Estado de Morelos), supervisoras, se metieron con la maestra adentro, la tienen encerrada, como ya se dieron cuenta sale para un lado, para el otro y tienen que andarla cuidando\u201d.<\/p>\n\n\n\n<p class=\"wp-block-paragraph\">Coment\u00f3 que las madres de familia inconformes son manipuladas por una profesora de nombre Jessica, quien tiene denuncias por agresi\u00f3n a los ni\u00f1os, la misma entrevistada, Cruz Tejeda, dio cuenta de ello: \u201clo que s\u00ed no le pude pasar es que me entreg\u00f3 a mi ni\u00f1a orinada. Yo le preguntaba a mi ni\u00f1a y mi ni\u00f1a me contest\u00f3 que la maestra no la dejaba ir al ba\u00f1o \u2026\u201d<\/p>\n\n\n\n<p class=\"wp-block-paragraph\">Sin embargo, ahora la demanda de quienes piden la destituci\u00f3n de la directora \u201cquieren poner en su lugar a la maestra Jessica (Ju\u00e1rez Quevedo)\u201d y todo eso pese a que la directora est\u00e1 dispuesta a entregar cuentas.<\/p>\n\n\n\n<p class=\"wp-block-paragraph\">Los padres de familia, entregaron a este medio un documento, fechado el 27 de agosto pasado, redactado y firmado por la directora, Brise\u00f1o Hern\u00e1ndez, en el que refiere que en una reuni\u00f3n con autoridades le pidieron su \u201crenuncia\u201d, por \u201csupuestas inconsistencias\u201d de un corte de caja y a manifestaciones \u201cpor determinados padres de familia\u201d, sin embargo, solicita con precisi\u00f3n que le fundamenten el por qu\u00e9:<\/p>\n\n\n\n<p class=\"wp-block-paragraph\">\u201cNo solicito una respuesta gen\u00e9rica respecto e la existencia de \u2018inconsistencias\u2019 o \u2018problemas\u2018, sino la identificaci\u00f3n concreta de los hechos que se me atribuyen y de la determinaci\u00f3n administrativa que afecta las funciones que he desempe\u00f1ado. Lo anterior es indispensable para conocer mi situaci\u00f3n jur\u00eddica y estar en posibilidad de ejercer adecuadamente mi derecho de defensa\u201d, como refiere en una parte del escrito.<\/p>\n\n\n\n<p class=\"wp-block-paragraph\">Despu\u00e9s de las 13:00 horas lleg\u00f3 el abogado, Jes\u00fas D\u00edaz Dircio, quien inform\u00f3 en entrevista que tuvo una llamada de auxilio porque estaba privada de su libertad, \u201cal parecer por padres de familia incitados por la supervisora\u2026\u201d y al presentarse vieron que \u201cefectivamente no pod\u00eda salir\u201d.<\/p>\n\n\n\n<p class=\"wp-block-paragraph\">Se\u00f1al\u00f3 que al acudir y preguntar a las autoridades, que permanec\u00edan en el interior del sal\u00f3n, a puerta cerrada, si estaba privada de su libertad, \u201cfue as\u00ed como le permitieron salir del aula\u2026\u201d<\/p>\n\n\n\n<p class=\"wp-block-paragraph\">Dijo tener conocimiento de que la supervisora escolar \u201clos estaba incitando a que hagan se\u00f1alamientos en contra de la maestra (la directora del plantel), una conducta completamente irregular, trat\u00e1ndose de que cualquier \u00e1nimo que pudiera desbordarse, no podr\u00eda controlarse por una autoridad administrativa, por lo tanto consideramos que est\u00e1 en riesgo o peligro de que algo pueda pasar a su integridad\u201d y por ello tambi\u00e9n lleg\u00f3 la polic\u00eda.<\/p>\n\n\n\n<p class=\"wp-block-paragraph\">Inform\u00f3 que de ese lugar, partir\u00edan a redactar la denuncia penal correspondiente para que se iniciara una carpeta de investigaci\u00f3n en contra de quien resulte responsable.<\/p>\n","protected":false},"excerpt":{"rendered":"<p>Por HUGO BARBERI RICO \/ MASEUAL Jojutla, Morelos, M\u00e9xico, 1 de septiembre de 2026.- Suspensi\u00f3n&#8230;<\/p>\n","protected":false},"author":3,"featured_media":11248,"comment_status":"open","ping_status":"open","sticky":false,"template":"","format":"standard","meta":{"footnotes":""},"categories":[34],"tags":[],"class_list":["post-11247","post","type-post","status-publish","format-standard","has-post-thumbnail","hentry","category-noticias"],"featured_image_urls":{"full":["http:\/\/www.maseual.com.mx\/web\/wp-content\/uploads\/2026\/09\/Kinder-V-Gro-Tlatenchi.jpg",1224,730,false],"thumbnail":["http:\/\/www.maseual.com.mx\/web\/wp-content\/uploads\/2026\/09\/Kinder-V-Gro-Tlatenchi-150x150.jpg",150,150,true],"medium":["http:\/\/www.maseual.com.mx\/web\/wp-content\/uploads\/2026\/09\/Kinder-V-Gro-Tlatenchi-300x179.jpg",300,179,true],"medium_large":["http:\/\/www.maseual.com.mx\/web\/wp-content\/uploads\/2026\/09\/Kinder-V-Gro-Tlatenchi-768x458.jpg",640,382,true],"large":["http:\/\/www.maseual.com.mx\/web\/wp-content\/uploads\/2026\/09\/Kinder-V-Gro-Tlatenchi-1024x611.jpg",640,382,true],"1536x1536":["http:\/\/www.maseual.com.mx\/web\/wp-content\/uploads\/2026\/09\/Kinder-V-Gro-Tlatenchi.jpg",1224,730,false],"2048x2048":["http:\/\/www.maseual.com.mx\/web\/wp-content\/uploads\/2026\/09\/Kinder-V-Gro-Tlatenchi.jpg",1224,730,false],"newsever-slider-full":["http:\/\/www.maseual.com.mx\/web\/wp-content\/uploads\/2026\/09\/Kinder-V-Gro-Tlatenchi.jpg",1224,730,false],"newsever-featured":["http:\/\/www.maseual.com.mx\/web\/wp-content\/uploads\/2026\/09\/Kinder-V-Gro-Tlatenchi-1024x611.jpg",1024,611,true],"newsever-medium":["http:\/\/www.maseual.com.mx\/web\/wp-content\/uploads\/2026\/09\/Kinder-V-Gro-Tlatenchi-720x475.jpg",720,475,true]},"author_info":{"display_name":"Hugo Barberi Rico","author_link":"http:\/\/www.maseual.com.mx\/web\/author\/maseual\/"},"category_info":"<a href=\"http:\/\/www.maseual.com.mx\/web\/category\/noticias\/\" rel=\"category tag\">Noticias<\/a>","tag_info":"Noticias","comment_count":"0","_links":{"self":[{"href":"http:\/\/www.maseual.com.mx\/web\/wp-json\/wp\/v2\/posts\/11247","targetHints":{"allow":["GET"]}}],"collection":[{"href":"http:\/\/www.maseual.com.mx\/web\/wp-json\/wp\/v2\/posts"}],"about":[{"href":"http:\/\/www.maseual.com.mx\/web\/wp-json\/wp\/v2\/types\/post"}],"author":[{"embeddable":true,"href":"http:\/\/www.maseual.com.mx\/web\/wp-json\/wp\/v2\/users\/3"}],"replies":[{"embeddable":true,"href":"http:\/\/www.maseual.com.mx\/web\/wp-json\/wp\/v2\/comments?post=11247"}],"version-history":[{"count":1,"href":"http:\/\/www.maseual.com.mx\/web\/wp-json\/wp\/v2\/posts\/11247\/revisions"}],"predecessor-version":[{"id":11249,"href":"http:\/\/www.maseual.com.mx\/web\/wp-json\/wp\/v2\/posts\/11247\/revisions\/11249"}],"wp:featuredmedia":[{"embeddable":true,"href":"http:\/\/www.maseual.com.mx\/web\/wp-json\/wp\/v2\/media\/11248"}],"wp:attachment":[{"href":"http:\/\/www.maseual.com.mx\/web\/wp-json\/wp\/v2\/media?parent=11247"}],"wp:term":[{"taxonomy":"category","embeddable":true,"href":"http:\/\/www.maseual.com.mx\/web\/wp-json\/wp\/v2\/categories?post=11247"},{"taxonomy":"post_tag","embeddable":true,"href":"http:\/\/www.maseual.com.mx\/web\/wp-json\/wp\/v2\/tags?post=11247"}],"curies":[{"name":"wp","href":"https:\/\/api.w.org\/{rel}","templated":true}]}}