{"id":11251,"date":"2026-09-03T15:39:44","date_gmt":"2026-09-03T15:39:44","guid":{"rendered":"http:\/\/www.maseual.com.mx\/web\/?p=11251"},"modified":"2026-09-03T15:39:50","modified_gmt":"2026-09-03T15:39:50","slug":"muere-a-los-83-anos-claudia-pozas-escritora-de-tlaquiltenango","status":"publish","type":"post","link":"http:\/\/www.maseual.com.mx\/web\/2026\/09\/03\/muere-a-los-83-anos-claudia-pozas-escritora-de-tlaquiltenango\/","title":{"rendered":"MUERE A LOS 83 A\u00d1OS, CLAUDIA POZAS, ESCRITORA DE TLAQUILTENANGO"},"content":{"rendered":"\n<p class=\"wp-block-paragraph\">Por HUGO BARBERI RICO \/ MASEUAL<\/p>\n\n\n\n<p class=\"wp-block-paragraph\">Tlaquiltenango, Morelos, M\u00e9xico, 3 de septiembre de 2026.- Contaba ya los 83 a\u00f1os de edad, ten\u00eda complicaciones de salud desde hace meses, mismas que la llevaron a perder la vida finalmente durante la noche de este martes en un asilo de Tlaquiltenango; se trata de Claudia Pozas Almanza, la principal \u201ccalaverista\u201d de la regi\u00f3n sur del estado de Morelos, escribi\u00f3 m\u00e1s de mil \u201ccalaveras\u201d, algunas integradas en un libro, tambi\u00e9n escribi\u00f3 poes\u00eda y dej\u00f3 un libro m\u00e1s como legado, con m\u00e1s de 300 poemas, su libro de \u201ccalaveras\u201d literarias integr\u00f3 poco m\u00e1s de mil 500 estrofas con sesgo pol\u00edtico.<br>Oriunda de Tlaquiltenango, Claudia Pozas, tambi\u00e9n fue madre de 6 hijos, esposa de Manuel Ramos Salgado, \u201cmi chavo\u201d, como se refer\u00eda a \u00e9l cari\u00f1osamente.<br>La escritora popular, tambi\u00e9n fue activista social y fue premiada y reconocida en diversas ocasiones por su trayectoria en el enriquecimiento cultural de la zona sur.<br>Fungi\u00f3 como representante de la Uni\u00f3n de Colonos Caudillo del Sur de la Unidad Habitacional Emiliano Zapata de Tlaquiltenango, donde logr\u00f3 llevar a trav\u00e9s de la gesti\u00f3n p\u00fablica los servicios b\u00e1sicos para decenas de familias. Mujer reconocida ampliamente por levantar la voz en pro de un mejor desarrollo social y la b\u00fasqueda incansable de una sociedad igualitaria.<br>Concedi\u00f3 en su domicilio una entrevista para este medio el 8 de marzo de 2023, como se muestra en la edici\u00f3n del 9 de marzo; ten\u00eda 81 a\u00f1os de edad y gozaba de lo que ella misma se refer\u00eda, con una \u201cexcelente memoria\u201d.<br>El no haber terminado la primaria no la limit\u00f3, ley\u00f3 y escribi\u00f3, justamente, para plasmar su inspiraci\u00f3n y su habilidad para formar calaveras, algunas con sesgo e iron\u00eda pol\u00edtica que llegaba a leerla p\u00fablicamente en radio y otros medios de comunicaci\u00f3n locales.<br>Fue desde 1977 cuando empez\u00f3 a escribir, para superar \u201ctanto rencor acumulado\u201d, por tanto sufrimiento vivido en la ni\u00f1ez, dijo al quien esto escribe en aquella entrevista publicada (<a href=\"http:\/\/www.maseual.com.mx\/web\/2023\/03\/09\/claudia-pozas-81-anos-mas-de-mil-calaveras-un-libro-de-antologia-relatos-y-un-mar-de-recuerdos\/\">http:\/\/www.maseual.com.mx\/web\/2023\/03\/09\/claudia-pozas-81-anos-mas-de-mil-calaveras-un-libro-de-antologia-relatos-y-un-mar-de-recuerdos\/<\/a>).<br>El cuerpo de Claudia Pozas, fue velado en el n\u00famero 38 de la calle Xicotencatl, de la colonia L\u00e1zaro C\u00e1rdenas, del vecino municipio de Zacatepec y ayer mismo por la tarde fue cremado. Quer\u00eda que la muerte la encontrara &#8220;haciendo mi rima, mi guisado, reforestando&#8221;.<\/p>\n","protected":false},"excerpt":{"rendered":"<p>Por HUGO BARBERI RICO \/ MASEUAL Tlaquiltenango, Morelos, M\u00e9xico, 3 de septiembre de 2026.- Contaba&#8230;<\/p>\n","protected":false},"author":3,"featured_media":11252,"comment_status":"open","ping_status":"open","sticky":false,"template":"","format":"standard","meta":{"footnotes":""},"categories":[34],"tags":[],"class_list":["post-11251","post","type-post","status-publish","format-standard","has-post-thumbnail","hentry","category-noticias"],"featured_image_urls":{"full":["http:\/\/www.maseual.com.mx\/web\/wp-content\/uploads\/2026\/09\/Claudia-Pozas.jpg",960,640,false],"thumbnail":["http:\/\/www.maseual.com.mx\/web\/wp-content\/uploads\/2026\/09\/Claudia-Pozas-150x150.jpg",150,150,true],"medium":["http:\/\/www.maseual.com.mx\/web\/wp-content\/uploads\/2026\/09\/Claudia-Pozas-300x200.jpg",300,200,true],"medium_large":["http:\/\/www.maseual.com.mx\/web\/wp-content\/uploads\/2026\/09\/Claudia-Pozas-768x512.jpg",640,427,true],"large":["http:\/\/www.maseual.com.mx\/web\/wp-content\/uploads\/2026\/09\/Claudia-Pozas.jpg",640,427,false],"1536x1536":["http:\/\/www.maseual.com.mx\/web\/wp-content\/uploads\/2026\/09\/Claudia-Pozas.jpg",960,640,false],"2048x2048":["http:\/\/www.maseual.com.mx\/web\/wp-content\/uploads\/2026\/09\/Claudia-Pozas.jpg",960,640,false],"newsever-slider-full":["http:\/\/www.maseual.com.mx\/web\/wp-content\/uploads\/2026\/09\/Claudia-Pozas.jpg",960,640,false],"newsever-featured":["http:\/\/www.maseual.com.mx\/web\/wp-content\/uploads\/2026\/09\/Claudia-Pozas.jpg",960,640,false],"newsever-medium":["http:\/\/www.maseual.com.mx\/web\/wp-content\/uploads\/2026\/09\/Claudia-Pozas-720x475.jpg",720,475,true]},"author_info":{"display_name":"Hugo Barberi Rico","author_link":"http:\/\/www.maseual.com.mx\/web\/author\/maseual\/"},"category_info":"<a href=\"http:\/\/www.maseual.com.mx\/web\/category\/noticias\/\" rel=\"category tag\">Noticias<\/a>","tag_info":"Noticias","comment_count":"0","_links":{"self":[{"href":"http:\/\/www.maseual.com.mx\/web\/wp-json\/wp\/v2\/posts\/11251","targetHints":{"allow":["GET"]}}],"collection":[{"href":"http:\/\/www.maseual.com.mx\/web\/wp-json\/wp\/v2\/posts"}],"about":[{"href":"http:\/\/www.maseual.com.mx\/web\/wp-json\/wp\/v2\/types\/post"}],"author":[{"embeddable":true,"href":"http:\/\/www.maseual.com.mx\/web\/wp-json\/wp\/v2\/users\/3"}],"replies":[{"embeddable":true,"href":"http:\/\/www.maseual.com.mx\/web\/wp-json\/wp\/v2\/comments?post=11251"}],"version-history":[{"count":1,"href":"http:\/\/www.maseual.com.mx\/web\/wp-json\/wp\/v2\/posts\/11251\/revisions"}],"predecessor-version":[{"id":11253,"href":"http:\/\/www.maseual.com.mx\/web\/wp-json\/wp\/v2\/posts\/11251\/revisions\/11253"}],"wp:featuredmedia":[{"embeddable":true,"href":"http:\/\/www.maseual.com.mx\/web\/wp-json\/wp\/v2\/media\/11252"}],"wp:attachment":[{"href":"http:\/\/www.maseual.com.mx\/web\/wp-json\/wp\/v2\/media?parent=11251"}],"wp:term":[{"taxonomy":"category","embeddable":true,"href":"http:\/\/www.maseual.com.mx\/web\/wp-json\/wp\/v2\/categories?post=11251"},{"taxonomy":"post_tag","embeddable":true,"href":"http:\/\/www.maseual.com.mx\/web\/wp-json\/wp\/v2\/tags?post=11251"}],"curies":[{"name":"wp","href":"https:\/\/api.w.org\/{rel}","templated":true}]}}