{"id":5395,"date":"2024-03-04T18:07:15","date_gmt":"2024-03-04T18:07:15","guid":{"rendered":"http:\/\/www.maseual.com.mx\/web\/?p=5395"},"modified":"2024-03-04T18:07:24","modified_gmt":"2024-03-04T18:07:24","slug":"patronato-anuncia-un-donativo-mas-luego-de-entregar-aparatos-en-comodato-al-asilo-de-jojutla","status":"publish","type":"post","link":"http:\/\/www.maseual.com.mx\/web\/2024\/03\/04\/patronato-anuncia-un-donativo-mas-luego-de-entregar-aparatos-en-comodato-al-asilo-de-jojutla\/","title":{"rendered":"Patronato anuncia un donativo m\u00e1s, luego de entregar aparatos en comodato al asilo de Jojutla"},"content":{"rendered":"\n<p>Por HUGO BARBERI RICO \/ MASEUAL<\/p>\n\n\n\n<p>Jojutla, Morelos, M\u00e9xico, 3 de marzo de 2024.-  Luego de la donaci\u00f3n de diversos aparatos funcionales, el Patronato del Centro de Rehabilitaci\u00f3n Integral de Jojutla (CRI-Jojutla), inform\u00f3 que se planea una entrega m\u00e1s en pr\u00f3ximas fechas en que realicen su desayuno anual.<br>\u201c\u2026haremos un desayuno el 9 de mayo en (el balneario) La Plata y estamos viendo qu\u00e9 donamos\u201d, coment\u00f3 el presidente del organismo, Gerardo S\u00e1nchez Mote.<br>Como se inform\u00f3 con oportunidad, el 29 de enero pasado los miembros del patronato entregaron una silla de ruedas especial para un adolescente con discapacidad motriz y enfermedad cerebral, hecho que se constat\u00f3 en un acto p\u00fablico realizado en la colonia Vicente Guerrero de la comunidad de Galeana, municipio de Zacatepec, Morelos.<br>Posteriormente, record\u00f3 S\u00e1nchez Mote, los integrantes del patronato del CRI-Jojutla, llevaron al cabo la entrega en comodato, de una gr\u00faa, una cama el\u00e9ctrica para enfermo, una silla de ruedas electr\u00f3nica y un columpio, para el asilo del municipio de Jojutla, aparatos que a su vez fueron donados al patronato por parte de la familia Atala Barud.<br>Gerardo S\u00e1nchez dijo que la donaci\u00f3n en comodato \u00fanicamente fija como norma que los aparatos no salgan de Jojutla, \u201clos pueden ocupar en el asilo hasta que se acaben. Mientras los ocupen ah\u00ed pueden estar\u201d.<br>Por otro lado, al recordarle que el mismo 29 de enero pasado anunciaron una entrevista con las aspirantes a gobernar Morelos, inform\u00f3 que \u00fanicamente han podido concretar con Luc\u00eda Virginia Meza Guzm\u00e1n, porque con Margarita Gonz\u00e1lez Saravia, no se ha podido concretar.<br>Record\u00f3 que la intenci\u00f3n es lograr una comunicaci\u00f3n y compromiso con las aspirantes, para las personas con discapacidad, uno de los puntos a los que m\u00e1s enfocan las normas del patronato.<br>Finalmente, S\u00e1nchez Mote, inform\u00f3 que seguir\u00e1n trabajando por la gente \u201ccon cierta discapacidad de la zona sur de Morelos, como siempre lo hemos hecho\u201d.<\/p>\n","protected":false},"excerpt":{"rendered":"<p>Por HUGO BARBERI RICO \/ MASEUAL Jojutla, Morelos, M\u00e9xico, 3 de marzo de 2024.- Luego&#8230;<\/p>\n","protected":false},"author":3,"featured_media":2959,"comment_status":"open","ping_status":"open","sticky":false,"template":"","format":"standard","meta":{"footnotes":""},"categories":[34],"tags":[],"class_list":["post-5395","post","type-post","status-publish","format-standard","has-post-thumbnail","hentry","category-noticias"],"featured_image_urls":{"full":["http:\/\/www.maseual.com.mx\/web\/wp-content\/uploads\/2023\/05\/Patronato-CRIJ.jpg",1024,620,false],"thumbnail":["http:\/\/www.maseual.com.mx\/web\/wp-content\/uploads\/2023\/05\/Patronato-CRIJ-150x150.jpg",150,150,true],"medium":["http:\/\/www.maseual.com.mx\/web\/wp-content\/uploads\/2023\/05\/Patronato-CRIJ-300x182.jpg",300,182,true],"medium_large":["http:\/\/www.maseual.com.mx\/web\/wp-content\/uploads\/2023\/05\/Patronato-CRIJ-768x465.jpg",640,388,true],"large":["http:\/\/www.maseual.com.mx\/web\/wp-content\/uploads\/2023\/05\/Patronato-CRIJ.jpg",640,388,false],"1536x1536":["http:\/\/www.maseual.com.mx\/web\/wp-content\/uploads\/2023\/05\/Patronato-CRIJ.jpg",1024,620,false],"2048x2048":["http:\/\/www.maseual.com.mx\/web\/wp-content\/uploads\/2023\/05\/Patronato-CRIJ.jpg",1024,620,false],"newsever-slider-full":["http:\/\/www.maseual.com.mx\/web\/wp-content\/uploads\/2023\/05\/Patronato-CRIJ.jpg",1024,620,false],"newsever-featured":["http:\/\/www.maseual.com.mx\/web\/wp-content\/uploads\/2023\/05\/Patronato-CRIJ.jpg",1024,620,false],"newsever-medium":["http:\/\/www.maseual.com.mx\/web\/wp-content\/uploads\/2023\/05\/Patronato-CRIJ-720x475.jpg",720,475,true]},"author_info":{"display_name":"Hugo Barberi Rico","author_link":"http:\/\/www.maseual.com.mx\/web\/author\/maseual\/"},"category_info":"<a href=\"http:\/\/www.maseual.com.mx\/web\/category\/noticias\/\" rel=\"category tag\">Noticias<\/a>","tag_info":"Noticias","comment_count":"0","_links":{"self":[{"href":"http:\/\/www.maseual.com.mx\/web\/wp-json\/wp\/v2\/posts\/5395","targetHints":{"allow":["GET"]}}],"collection":[{"href":"http:\/\/www.maseual.com.mx\/web\/wp-json\/wp\/v2\/posts"}],"about":[{"href":"http:\/\/www.maseual.com.mx\/web\/wp-json\/wp\/v2\/types\/post"}],"author":[{"embeddable":true,"href":"http:\/\/www.maseual.com.mx\/web\/wp-json\/wp\/v2\/users\/3"}],"replies":[{"embeddable":true,"href":"http:\/\/www.maseual.com.mx\/web\/wp-json\/wp\/v2\/comments?post=5395"}],"version-history":[{"count":1,"href":"http:\/\/www.maseual.com.mx\/web\/wp-json\/wp\/v2\/posts\/5395\/revisions"}],"predecessor-version":[{"id":5396,"href":"http:\/\/www.maseual.com.mx\/web\/wp-json\/wp\/v2\/posts\/5395\/revisions\/5396"}],"wp:featuredmedia":[{"embeddable":true,"href":"http:\/\/www.maseual.com.mx\/web\/wp-json\/wp\/v2\/media\/2959"}],"wp:attachment":[{"href":"http:\/\/www.maseual.com.mx\/web\/wp-json\/wp\/v2\/media?parent=5395"}],"wp:term":[{"taxonomy":"category","embeddable":true,"href":"http:\/\/www.maseual.com.mx\/web\/wp-json\/wp\/v2\/categories?post=5395"},{"taxonomy":"post_tag","embeddable":true,"href":"http:\/\/www.maseual.com.mx\/web\/wp-json\/wp\/v2\/tags?post=5395"}],"curies":[{"name":"wp","href":"https:\/\/api.w.org\/{rel}","templated":true}]}}