{"id":5416,"date":"2024-03-08T21:44:34","date_gmt":"2024-03-08T21:44:34","guid":{"rendered":"http:\/\/www.maseual.com.mx\/web\/?p=5416"},"modified":"2024-03-08T21:44:42","modified_gmt":"2024-03-08T21:44:42","slug":"arde-negocio-un-herido-y-grandes-perdidas","status":"publish","type":"post","link":"http:\/\/www.maseual.com.mx\/web\/2024\/03\/08\/arde-negocio-un-herido-y-grandes-perdidas\/","title":{"rendered":"ARDE NEGOCIO: UN HERIDO Y GRANDES P\u00c9RDIDAS"},"content":{"rendered":"\n<p>Por HUGO BARBERI RICO \/ MASEUAL<\/p>\n\n\n\n<p>Zacatepec, Morelos, M\u00e9xico, 8 de marzo de 2024.-  Una persona herida con quemaduras de segundo grado y p\u00e9rdidas cuantificadas entre el 60 y 80 por ciento de su producci\u00f3n y una camioneta calcinada en su totalidad, es el saldo preliminar que se reporta luego del incendio registrado la madrugada de ayer en una maderera que se ubica en la comunidad de Galeana, justo sobre la carretera que comunica a este lugar con su municipio, Zacatepec, Morelos.<br>Fue alrededor de las 3:45 horas de este jueves, cuando se report\u00f3 el incendio en los patios del negocio conocido como \u201cEl Pino\u201d, donde las llamaradas amenazaban con propagarse y acabar con toda la producci\u00f3n de tablas apiladas, polines, postes y dem\u00e1s en un \u00e1rea superior a los 500 metros cuadrados, mismo que se ubica entre el bulevar Cuauhtemoc y la calle Benito Ju\u00e1rez del centro de Galeana.<br>El monto de las p\u00e9rdidas no ha sido dado a conocer y pese a la participaci\u00f3n de los elementos de Protecci\u00f3n Civil y Bomberos de Zacatepec, el ayuntamiento de este lugar no emiti\u00f3 informaci\u00f3n oficial respecto al hecho.<\/p>\n\n\n\n<figure class=\"wp-block-image size-large\"><img loading=\"lazy\" decoding=\"async\" width=\"1024\" height=\"461\" src=\"http:\/\/www.maseual.com.mx\/web\/wp-content\/uploads\/2024\/03\/Bomberos-maderera-incendio-gal-1024x461.jpg\" alt=\"\" class=\"wp-image-5418\" srcset=\"http:\/\/www.maseual.com.mx\/web\/wp-content\/uploads\/2024\/03\/Bomberos-maderera-incendio-gal-1024x461.jpg 1024w, http:\/\/www.maseual.com.mx\/web\/wp-content\/uploads\/2024\/03\/Bomberos-maderera-incendio-gal-300x135.jpg 300w, http:\/\/www.maseual.com.mx\/web\/wp-content\/uploads\/2024\/03\/Bomberos-maderera-incendio-gal-768x346.jpg 768w, http:\/\/www.maseual.com.mx\/web\/wp-content\/uploads\/2024\/03\/Bomberos-maderera-incendio-gal-1536x692.jpg 1536w, http:\/\/www.maseual.com.mx\/web\/wp-content\/uploads\/2024\/03\/Bomberos-maderera-incendio-gal-2048x922.jpg 2048w, http:\/\/www.maseual.com.mx\/web\/wp-content\/uploads\/2024\/03\/Bomberos-maderera-incendio-gal-640x288.jpg 640w\" sizes=\"auto, (max-width: 1024px) 100vw, 1024px\" \/><\/figure>\n\n\n\n<p><br>Cabe se\u00f1alar, que tras el llamado de auxilio que recibi\u00f3 la direcci\u00f3n local de PC a las 3:49 horas de ayer, al lugar tambi\u00e9n llegaron en apoyo elementos de PC y bomberos del ayuntamiento vecino de Jojutla, bajo el mando de Miguel \u00c1ngel Olvera Torres, al igual que un veh\u00edculo de ambulancia del otro municipio vecino de Xoxocotla, para el traslado correspondiente de la persona herida con quemaduras de segundo grado a la cl\u00ednica hospital n\u00famero cinco del Instituto Mexicano del Seguro Social ubicado a por lo menos dos kil\u00f3metros del incendio, en la entrada a la cabecera municipal de Zacatepec.<br>Cabe hacer menci\u00f3n, que ante la temperatura baja que registr\u00f3 la madrugada de ayer en la regi\u00f3n sur del estado, el humo denso del incendio cubri\u00f3 principalmente dicho poblado de Galeana, pero se extendi\u00f3 y lleg\u00f3 a por lo menos siete kil\u00f3metros de colonias cercanas de Zacatepec y Jojutla, por lo que los habitantes durmieron y amanecieron con el olor al mismo.<\/p>\n","protected":false},"excerpt":{"rendered":"<p>Por HUGO BARBERI RICO \/ MASEUAL Zacatepec, Morelos, M\u00e9xico, 8 de marzo de 2024.- Una&#8230;<\/p>\n","protected":false},"author":3,"featured_media":5417,"comment_status":"open","ping_status":"open","sticky":false,"template":"","format":"standard","meta":{"footnotes":""},"categories":[34],"tags":[],"class_list":["post-5416","post","type-post","status-publish","format-standard","has-post-thumbnail","hentry","category-noticias"],"featured_image_urls":{"full":["http:\/\/www.maseual.com.mx\/web\/wp-content\/uploads\/2024\/03\/Incendio-maderera-bomberos-gal-scaled.jpg",2560,1515,false],"thumbnail":["http:\/\/www.maseual.com.mx\/web\/wp-content\/uploads\/2024\/03\/Incendio-maderera-bomberos-gal-150x150.jpg",150,150,true],"medium":["http:\/\/www.maseual.com.mx\/web\/wp-content\/uploads\/2024\/03\/Incendio-maderera-bomberos-gal-300x178.jpg",300,178,true],"medium_large":["http:\/\/www.maseual.com.mx\/web\/wp-content\/uploads\/2024\/03\/Incendio-maderera-bomberos-gal-768x454.jpg",640,378,true],"large":["http:\/\/www.maseual.com.mx\/web\/wp-content\/uploads\/2024\/03\/Incendio-maderera-bomberos-gal-1024x606.jpg",640,379,true],"1536x1536":["http:\/\/www.maseual.com.mx\/web\/wp-content\/uploads\/2024\/03\/Incendio-maderera-bomberos-gal-1536x909.jpg",1536,909,true],"2048x2048":["http:\/\/www.maseual.com.mx\/web\/wp-content\/uploads\/2024\/03\/Incendio-maderera-bomberos-gal-2048x1212.jpg",2048,1212,true],"newsever-slider-full":["http:\/\/www.maseual.com.mx\/web\/wp-content\/uploads\/2024\/03\/Incendio-maderera-bomberos-gal-1280x845.jpg",1280,845,true],"newsever-featured":["http:\/\/www.maseual.com.mx\/web\/wp-content\/uploads\/2024\/03\/Incendio-maderera-bomberos-gal-1024x606.jpg",1024,606,true],"newsever-medium":["http:\/\/www.maseual.com.mx\/web\/wp-content\/uploads\/2024\/03\/Incendio-maderera-bomberos-gal-720x475.jpg",720,475,true]},"author_info":{"display_name":"Hugo Barberi Rico","author_link":"http:\/\/www.maseual.com.mx\/web\/author\/maseual\/"},"category_info":"<a href=\"http:\/\/www.maseual.com.mx\/web\/category\/noticias\/\" rel=\"category tag\">Noticias<\/a>","tag_info":"Noticias","comment_count":"0","_links":{"self":[{"href":"http:\/\/www.maseual.com.mx\/web\/wp-json\/wp\/v2\/posts\/5416","targetHints":{"allow":["GET"]}}],"collection":[{"href":"http:\/\/www.maseual.com.mx\/web\/wp-json\/wp\/v2\/posts"}],"about":[{"href":"http:\/\/www.maseual.com.mx\/web\/wp-json\/wp\/v2\/types\/post"}],"author":[{"embeddable":true,"href":"http:\/\/www.maseual.com.mx\/web\/wp-json\/wp\/v2\/users\/3"}],"replies":[{"embeddable":true,"href":"http:\/\/www.maseual.com.mx\/web\/wp-json\/wp\/v2\/comments?post=5416"}],"version-history":[{"count":1,"href":"http:\/\/www.maseual.com.mx\/web\/wp-json\/wp\/v2\/posts\/5416\/revisions"}],"predecessor-version":[{"id":5419,"href":"http:\/\/www.maseual.com.mx\/web\/wp-json\/wp\/v2\/posts\/5416\/revisions\/5419"}],"wp:featuredmedia":[{"embeddable":true,"href":"http:\/\/www.maseual.com.mx\/web\/wp-json\/wp\/v2\/media\/5417"}],"wp:attachment":[{"href":"http:\/\/www.maseual.com.mx\/web\/wp-json\/wp\/v2\/media?parent=5416"}],"wp:term":[{"taxonomy":"category","embeddable":true,"href":"http:\/\/www.maseual.com.mx\/web\/wp-json\/wp\/v2\/categories?post=5416"},{"taxonomy":"post_tag","embeddable":true,"href":"http:\/\/www.maseual.com.mx\/web\/wp-json\/wp\/v2\/tags?post=5416"}],"curies":[{"name":"wp","href":"https:\/\/api.w.org\/{rel}","templated":true}]}}