{"id":5421,"date":"2024-03-11T14:34:19","date_gmt":"2024-03-11T14:34:19","guid":{"rendered":"http:\/\/www.maseual.com.mx\/web\/?p=5421"},"modified":"2024-03-11T14:34:27","modified_gmt":"2024-03-11T14:34:27","slug":"con-falta-o-pantalon-respetame-cabron-feministas","status":"publish","type":"post","link":"http:\/\/www.maseual.com.mx\/web\/2024\/03\/11\/con-falta-o-pantalon-respetame-cabron-feministas\/","title":{"rendered":"&#8220;Con falta o pantal\u00f3n, resp\u00e9tame cabr\u00f3n&#8221;: feministas"},"content":{"rendered":"\n<p>Por HUGO BARBERI RICO \/ MASEUAL<\/p>\n\n\n\n<p>Jojutla, Morelos, M\u00e9xico, 8 de marzo de 2024.- Con diversas consignas como \u201cse\u00f1or, se\u00f1ora, no sea indiferente, se mata a las mujeres en la cara de la gente\u201d, \u201cno que no, s\u00ed que s\u00ed, ya volvimos a salir\u201d, \u201cen falda o en pantal\u00f3n, resp\u00e9tame cabr\u00f3n\u201d, entre otras, menos de un centenar de mujeres, algunas madres de familia con sus ni\u00f1os en brazos o tomados de la mano, caminaron por las calles principales de Jojutla, para protestar y al mismo tiempo conmemorar el \u201c8 de marzo\u201d.<br>Fue una caminata de protesta, misma que tambi\u00e9n conllev\u00f3 a que pintaran el ic\u00f3nico monumento a Benito Ju\u00e1rez, de verde y al que le quedaron huellas de manos con rojo y manchas de la pintura verde en nariz, boca, ment\u00f3n y cachetes de la imagen.<\/p>\n\n\n\n<figure class=\"wp-block-image size-large is-resized\"><img loading=\"lazy\" decoding=\"async\" width=\"768\" height=\"1024\" src=\"http:\/\/www.maseual.com.mx\/web\/wp-content\/uploads\/2024\/03\/Marcha-feminista-8m-Joju2-768x1024.jpeg\" alt=\"\" class=\"wp-image-5423\" style=\"width:400px;height:auto\" srcset=\"http:\/\/www.maseual.com.mx\/web\/wp-content\/uploads\/2024\/03\/Marcha-feminista-8m-Joju2-768x1024.jpeg 768w, http:\/\/www.maseual.com.mx\/web\/wp-content\/uploads\/2024\/03\/Marcha-feminista-8m-Joju2-225x300.jpeg 225w, http:\/\/www.maseual.com.mx\/web\/wp-content\/uploads\/2024\/03\/Marcha-feminista-8m-Joju2-640x853.jpeg 640w, http:\/\/www.maseual.com.mx\/web\/wp-content\/uploads\/2024\/03\/Marcha-feminista-8m-Joju2.jpeg 960w\" sizes=\"auto, (max-width: 768px) 100vw, 768px\" \/><\/figure>\n\n\n\n<p><br>En la plaza de la soberana convenci\u00f3n revolucionaria de Jojutla, frente a lo que fueron las instalaciones del ayuntamiento, ya en el monumento al General Emiliano Zapata Salazar, subieron al mismo para colocarle un trapo color morado en el hombro y pancartas que se le\u00edan con lo siguiente: \u201cNuestros cuerpos no se tocan\u201d, una color verde con estrellas y lunas negras y grises con la leyenda: \u201cAm\u00e9rica Latina ser\u00e1 toda feminista\u201d.<br>Se concentraron desde antes para salir poco despu\u00e9s de las 9:00 horas conforme a lo que programaron, en el estacionamiento de la bodega de la entrada de Jojutla, frente al Hospital General \u201cDr. Ernesto Meana San Rom\u00e1n\u201d y desde este punto marcharon por la calle principal, Universidad, misma que se convierte en Constituci\u00f3n del 57 al pasar el Puente Guadalupe, continuaron por la Josefa Ort\u00edz de Dom\u00ednguez, Guerrero y concluir en Cuauhtemoc en la Plaza de la Soberana Convenci\u00f3n Revolucionaria.<br>Tambi\u00e9n se leyeron pancartas como: \u201cMi cuerpo, mi decisi\u00f3n\u201d, misma que ten\u00eda el garabato de un cuerpo femenino desnudo con cuernos, bello en genitales, axilas y piernas; \u201cmerecemos vivir sin miedo\u201d, \u201cFeliz ser\u00e1 el d\u00eda que no falte alguna\u201d, \u201cTu miedo a mi libertad se llama machismo\u201d, \u201csoy mam\u00e1 de la ni\u00f1a que jam\u00e1s vas a tocar\u201d, \u201cPor mi hija, por tu hijo, por m\u00ed\u201d, \u201cJuntas hoy, juntas por siempre. Es por ellas que hoy gritamos hacia el cielo\u201d, \u201cYo necesito feminismo, porque mi familia a\u00fan saluda a mi agresor\u201d, entre otras.<\/p>\n\n\n\n<figure class=\"wp-block-image size-large is-resized\"><img loading=\"lazy\" decoding=\"async\" width=\"1024\" height=\"768\" src=\"http:\/\/www.maseual.com.mx\/web\/wp-content\/uploads\/2024\/03\/Marcha-feminista-8m-Joju3-1024x768.jpeg\" alt=\"\" class=\"wp-image-5424\" style=\"width:452px;height:auto\" srcset=\"http:\/\/www.maseual.com.mx\/web\/wp-content\/uploads\/2024\/03\/Marcha-feminista-8m-Joju3-1024x768.jpeg 1024w, http:\/\/www.maseual.com.mx\/web\/wp-content\/uploads\/2024\/03\/Marcha-feminista-8m-Joju3-300x225.jpeg 300w, http:\/\/www.maseual.com.mx\/web\/wp-content\/uploads\/2024\/03\/Marcha-feminista-8m-Joju3-768x576.jpeg 768w, http:\/\/www.maseual.com.mx\/web\/wp-content\/uploads\/2024\/03\/Marcha-feminista-8m-Joju3-640x480.jpeg 640w, http:\/\/www.maseual.com.mx\/web\/wp-content\/uploads\/2024\/03\/Marcha-feminista-8m-Joju3.jpeg 1280w\" sizes=\"auto, (max-width: 1024px) 100vw, 1024px\" \/><\/figure>\n\n\n\n<p><br>Al final de la marcha, colocarton im\u00e1genes para exhibir a personas que son presuntos deudores de pensiones alimenticias, no se pudo constatar si leyeron alg\u00fan comunicado, porque una de las asistentes coment\u00f3 al que escribe que hab\u00edan quedado con \u201cmedios\u201d que solo reporteras cubrir\u00edan la marcha.<\/p>\n\n\n\n<figure class=\"wp-block-image size-large is-resized\"><img loading=\"lazy\" decoding=\"async\" width=\"1024\" height=\"576\" src=\"http:\/\/www.maseual.com.mx\/web\/wp-content\/uploads\/2024\/03\/Marcha-feminista-8m-Joju4-1024x576.jpeg\" alt=\"\" class=\"wp-image-5425\" style=\"width:471px;height:auto\" srcset=\"http:\/\/www.maseual.com.mx\/web\/wp-content\/uploads\/2024\/03\/Marcha-feminista-8m-Joju4-1024x576.jpeg 1024w, http:\/\/www.maseual.com.mx\/web\/wp-content\/uploads\/2024\/03\/Marcha-feminista-8m-Joju4-300x169.jpeg 300w, http:\/\/www.maseual.com.mx\/web\/wp-content\/uploads\/2024\/03\/Marcha-feminista-8m-Joju4-768x432.jpeg 768w, http:\/\/www.maseual.com.mx\/web\/wp-content\/uploads\/2024\/03\/Marcha-feminista-8m-Joju4-1536x864.jpeg 1536w, http:\/\/www.maseual.com.mx\/web\/wp-content\/uploads\/2024\/03\/Marcha-feminista-8m-Joju4-640x360.jpeg 640w, http:\/\/www.maseual.com.mx\/web\/wp-content\/uploads\/2024\/03\/Marcha-feminista-8m-Joju4.jpeg 1599w\" sizes=\"auto, (max-width: 1024px) 100vw, 1024px\" \/><\/figure>\n\n\n\n<p><br>De su lado, la escritora, periodista y colabora de esta editorial, Alma Karla Sandoval Airzabalo, imparti\u00f3 la conferencia \u201cLiderazgo de las Mujeres hoy, retos y conquistas\u201d, invitada por la administraci\u00f3n municipal de Jojutla, encabezada por Alan Mart\u00ednez Gac\u00eda, en donde resalt\u00f3 diversos aspectos, entre ellos, que en M\u00e9xico, de acuerdo al \u00faltimo censo hay m\u00e1s de 64.5 millones de mujeres, de las cuales ocho de cada diez han sufrido alg\u00fan tipo de violencia, \u201cla violencia de g\u00e9nero en m\u00ednimas, medianas o m\u00e1ximas expresiones, siempre se cierne y siempre est\u00e1 junto a nosotras como una sombra terrible. A nosotras nos cuesta un poco o mucho m\u00e1s trabajo, porque nosotras tenemos que hacer triples jornadas, si trabajamos nos tenemos que hacer cargo de los hijos, de la casa, del esposo y ah\u00ed est\u00e1 nuestro enorme poder como mujeres, en la capacidad de organizarnos y llevar toda la vida distintos roles, malabarear con ello y hacer que la familia funcione\u2026\u201d<br>De igualforma, resalt\u00f3 que m\u00e1s de \u201cm\u00e1s de diez mujeres, sino es que once, son asesinadas en este pa\u00eds todav\u00eda\u201d.<\/p>\n","protected":false},"excerpt":{"rendered":"<p>Por HUGO BARBERI RICO \/ MASEUAL Jojutla, Morelos, M\u00e9xico, 8 de marzo de 2024.- Con&#8230;<\/p>\n","protected":false},"author":3,"featured_media":5422,"comment_status":"open","ping_status":"open","sticky":false,"template":"","format":"standard","meta":{"footnotes":""},"categories":[34],"tags":[],"class_list":["post-5421","post","type-post","status-publish","format-standard","has-post-thumbnail","hentry","category-noticias"],"featured_image_urls":{"full":["http:\/\/www.maseual.com.mx\/web\/wp-content\/uploads\/2024\/03\/Marcha-feminista-8m-Joju.jpeg",1280,960,false],"thumbnail":["http:\/\/www.maseual.com.mx\/web\/wp-content\/uploads\/2024\/03\/Marcha-feminista-8m-Joju-150x150.jpeg",150,150,true],"medium":["http:\/\/www.maseual.com.mx\/web\/wp-content\/uploads\/2024\/03\/Marcha-feminista-8m-Joju-300x225.jpeg",300,225,true],"medium_large":["http:\/\/www.maseual.com.mx\/web\/wp-content\/uploads\/2024\/03\/Marcha-feminista-8m-Joju-768x576.jpeg",640,480,true],"large":["http:\/\/www.maseual.com.mx\/web\/wp-content\/uploads\/2024\/03\/Marcha-feminista-8m-Joju-1024x768.jpeg",640,480,true],"1536x1536":["http:\/\/www.maseual.com.mx\/web\/wp-content\/uploads\/2024\/03\/Marcha-feminista-8m-Joju.jpeg",1280,960,false],"2048x2048":["http:\/\/www.maseual.com.mx\/web\/wp-content\/uploads\/2024\/03\/Marcha-feminista-8m-Joju.jpeg",1280,960,false],"newsever-slider-full":["http:\/\/www.maseual.com.mx\/web\/wp-content\/uploads\/2024\/03\/Marcha-feminista-8m-Joju-1280x845.jpeg",1280,845,true],"newsever-featured":["http:\/\/www.maseual.com.mx\/web\/wp-content\/uploads\/2024\/03\/Marcha-feminista-8m-Joju-1024x768.jpeg",1024,768,true],"newsever-medium":["http:\/\/www.maseual.com.mx\/web\/wp-content\/uploads\/2024\/03\/Marcha-feminista-8m-Joju-720x475.jpeg",720,475,true]},"author_info":{"display_name":"Hugo Barberi Rico","author_link":"http:\/\/www.maseual.com.mx\/web\/author\/maseual\/"},"category_info":"<a href=\"http:\/\/www.maseual.com.mx\/web\/category\/noticias\/\" rel=\"category tag\">Noticias<\/a>","tag_info":"Noticias","comment_count":"0","_links":{"self":[{"href":"http:\/\/www.maseual.com.mx\/web\/wp-json\/wp\/v2\/posts\/5421","targetHints":{"allow":["GET"]}}],"collection":[{"href":"http:\/\/www.maseual.com.mx\/web\/wp-json\/wp\/v2\/posts"}],"about":[{"href":"http:\/\/www.maseual.com.mx\/web\/wp-json\/wp\/v2\/types\/post"}],"author":[{"embeddable":true,"href":"http:\/\/www.maseual.com.mx\/web\/wp-json\/wp\/v2\/users\/3"}],"replies":[{"embeddable":true,"href":"http:\/\/www.maseual.com.mx\/web\/wp-json\/wp\/v2\/comments?post=5421"}],"version-history":[{"count":1,"href":"http:\/\/www.maseual.com.mx\/web\/wp-json\/wp\/v2\/posts\/5421\/revisions"}],"predecessor-version":[{"id":5426,"href":"http:\/\/www.maseual.com.mx\/web\/wp-json\/wp\/v2\/posts\/5421\/revisions\/5426"}],"wp:featuredmedia":[{"embeddable":true,"href":"http:\/\/www.maseual.com.mx\/web\/wp-json\/wp\/v2\/media\/5422"}],"wp:attachment":[{"href":"http:\/\/www.maseual.com.mx\/web\/wp-json\/wp\/v2\/media?parent=5421"}],"wp:term":[{"taxonomy":"category","embeddable":true,"href":"http:\/\/www.maseual.com.mx\/web\/wp-json\/wp\/v2\/categories?post=5421"},{"taxonomy":"post_tag","embeddable":true,"href":"http:\/\/www.maseual.com.mx\/web\/wp-json\/wp\/v2\/tags?post=5421"}],"curies":[{"name":"wp","href":"https:\/\/api.w.org\/{rel}","templated":true}]}}