{"id":5433,"date":"2024-03-11T15:51:44","date_gmt":"2024-03-11T15:51:44","guid":{"rendered":"http:\/\/www.maseual.com.mx\/web\/?p=5433"},"modified":"2024-03-11T15:51:52","modified_gmt":"2024-03-11T15:51:52","slug":"la-bandera-de-mexico-si-es-para-mexicanos","status":"publish","type":"post","link":"http:\/\/www.maseual.com.mx\/web\/2024\/03\/11\/la-bandera-de-mexico-si-es-para-mexicanos\/","title":{"rendered":"\u00bfLA BANDERA DE M\u00c9XICO, SI ES PARA MEXICANOS?"},"content":{"rendered":"\n<p>Por ALEJANDRO C\u00c1RDENAS SAN ANTONIO \/ MASEUAL<\/p>\n\n\n\n<p>Cuernavaca, Morelos, M\u00e9xico, 11 de marzo de 2024.- En la actualidad, la pregunta que salta por obviedad es: \u00bfpara qu\u00e9 tipo de mexicanos s\u00ed y a cu\u00e1les otros mexicanos no, se permite el privilegio a que la bandera del pa\u00eds est\u00e9 presente, izada y ondeando durante una manifestaci\u00f3n en la Plaza de la Constituci\u00f3n o Z\u00f3calo?<\/p>\n\n\n\n<p>\u00bfPara quienes s\u00ed y para qui\u00e9nes no, se le da vida al asta que tiene una altura de 100.6 metros, pesa 120 toneladas y soporta una bandera de 230 kilos y que mide 50 metros de largo por 28.6 metros de ancho?<\/p>\n\n\n\n<p>Hoy, cualquiera puede buscar en internet, analizar fotograf\u00edas de distintas \u00e9pocas de administraciones sexenales, encontrar situaciones, circunstancias, trances, coyunturas o etapas hist\u00f3ricas que van marcando la vida y el desarrollo de M\u00e9xico y en esas im\u00e1genes, se destaca la bandera tricolor en medio de la Plaza de la Constituci\u00f3n rodeada por ciudadanos que colman y rebosan sus 46 mil 800 m\u00b2 de superficie.<\/p>\n\n\n\n<p>La bandera de M\u00e9xico, distingue a los mexicanos como naci\u00f3n independiente, con libertad, con igualdad, en unidad y respeto a sus derechos y por eso \u00a1ah\u00ed est\u00e1! Presente siempre en la plancha del Z\u00f3calo; pero, ha sido en este sexenio que ya agoniza, cuando de pronto, la monumental bandera que se supone deber\u00eda de ondear diariamente en el asta, \u00a1no est\u00e1!<\/p>\n\n\n\n<p>Las banderas en el Mundo, unen a las personas en torno a un objetivo com\u00fan, fortalecen el sentido de unidad y solidaridad entre los ciudadanos. Sin embargo, tambi\u00e9n pueden ser utilizadas para dividir, discriminar o excluir a grupos que piensan distinto o tienen otros intereses y es por ello que se debe siempre resaltar que es primordial utilizar los s\u00edmbolos patrios de manera inclusiva y respetuosa.<\/p>\n\n\n\n<p>En \u00faltimas fechas, la bandera de M\u00e9xico desaparece y deja de ondear en el asta cuando el esp\u00edritu que da sentido al concepto de Democracia, a trav\u00e9s de la presencia de miles de personas que hacen uso de la Plaza de la Constituci\u00f3n para manifestar su derecho a disentir. Para esas otras y esos otros mexicanos, la bandera no les cobija.<\/p>\n\n\n\n<p>No hay que olvidar que en la Carta Magna, en el Cap\u00edtulo II que habla de los mexicanos, el Art\u00edculo 30 dice que la nacionalidad mexicana se adquiere por nacimiento o por Naturalizaci\u00f3n y de acuerdo con la Ley Sobre el Escudo, la Bandera y el Himno Nacionales, en su Art\u00edculo 16 se establece que la Bandera Nacional permanecer\u00e1 izada todos los d\u00edas del a\u00f1o, salvo en casos fortuitos o de fuerza mayor.<\/p>\n\n\n\n<p>La Suprema Corte de Justicia de la Naci\u00f3n y los Tribunales Colegiados han dicho que el CASO FORTUITO implica un evento de la NATURALEZA que es IMPREDECIBLE y que FUERZA MAYOR, implica un evento CAUSADO por el hombre que es INEVITABLE. Claramente dice: CAUSADO, se refiere a un acto o hecho en el momento pasado; eso no justifica el argumento de quitar la bandera porque se tiene la certeza de que alguien la va mancillar. Solo se puede entender que se da la orden de omitir la colocaci\u00f3n de la bandera en lo alto del asta de 100 metros, cuando la disidencia en su derecho se va a manifestar, pues muy seguramente dentro de Palacio Nacional hay or\u00e1culos y nigromantes que adivinan el futuro y esos agoreros brincan el tiempo y el espacio y afirman que la van a da\u00f1ar.<\/p>\n\n\n\n<p>La realidad es que alguien con la facultad y el poder para encarar y soltar que no le \u201cvengan con que la Ley es la Ley\u201d omite a discreci\u00f3n y capricho aquello que se\u00f1ala el Art\u00edculo 16 de la Ley Sobre el Escudo, la Bandera y el Himno Nacionales.<\/p>\n\n\n\n<p>El punto aqu\u00ed es que hoy, antes de realizarse el derecho a manifestarse como ciudadanos ante el gobierno que fue electo por la v\u00eda democr\u00e1tica de las urnas, el l\u00e1baro patrio desaparece, no se iza la bandera, el asta luce vac\u00eda y -ser\u00eda igual de infantil pensar como la ra\u00edz y el origen de la instrucci\u00f3n- si se cree o piensa que se da esa orden ileg\u00edtima porque es Fuerza Mayor o Caso Fortuito.<\/p>\n\n\n\n<p>Es claro que qui\u00e9nes sean los grupos que se manifiesten, a todas esas ciudadanas junto con todos los ciudadanos participantes, se les encuadra y encajona desde un p\u00falpito ma\u00f1anero con el tamiz de una doctrina que los clasifica de adversarios, opositores, conservadores, oligarcas, mafia del poder, oportunistas, demagogos, enemigos, politiqueros o lo que se ocurra seg\u00fan el contexto acomodaticio en un papel de v\u00edctima para as\u00ed lograr polarizar y en la mayor\u00eda de los casos, calumniar las expresiones, sean previas o posteriores en una Plaza de la Rep\u00fablica ya tambi\u00e9n hoy amurallada.<\/p>\n\n\n\n<p>En la misma p\u00e1gina de gobierno federal, dice que la Bandera mexicana, adem\u00e1s de ser un s\u00edmbolo patrio y representar el esp\u00edritu de unidad, valor y patriotismo, es un elemento unificador; -y agrega que- es una expresi\u00f3n aut\u00e9ntica de nuestros or\u00edgenes, as\u00ed como del deseo de fortalecer el sentido de identidad nacional, como pa\u00eds independiente y soberano pues basta recordar que fue a mediados del siglo XIX, con la llegada de Benito Ju\u00e1rez a la presidencia del pa\u00eds que como consecuencia de la separaci\u00f3n del estado con la iglesia, se determin\u00f3 el cambi\u00f3 del significado de los colores en la bandera de M\u00e9xico y desde entonces el Verde representa la Esperanza; el Blanco la Unidad y el Rojo: la sangre de los h\u00e9roes nacionales.<\/p>\n\n\n\n<p>Desde el nivel b\u00e1sico se nos ense\u00f1a que la bandera de un pa\u00eds o colectivo es un s\u00edmbolo poderoso que representa su identidad y valores, se nos reitera que una bandera es un recordatorio visual de la historia, la cultura y los logros de una naci\u00f3n y brinda un sentido de pertenencia y orgullo a sus ciudadanos.<\/p>\n\n\n\n<p>Entonces, \u00bfla bandera de M\u00e9xico, si es para mexicanos?<\/p>\n","protected":false},"excerpt":{"rendered":"<p>Por ALEJANDRO C\u00c1RDENAS SAN ANTONIO \/ MASEUAL Cuernavaca, Morelos, M\u00e9xico, 11 de marzo de 2024.-&#8230;<\/p>\n","protected":false},"author":3,"featured_media":5434,"comment_status":"open","ping_status":"open","sticky":false,"template":"","format":"standard","meta":{"footnotes":""},"categories":[34],"tags":[],"class_list":["post-5433","post","type-post","status-publish","format-standard","has-post-thumbnail","hentry","category-noticias"],"featured_image_urls":{"full":["http:\/\/www.maseual.com.mx\/web\/wp-content\/uploads\/2024\/03\/Manifestacion-zocalo-CDMX.jpg",940,470,false],"thumbnail":["http:\/\/www.maseual.com.mx\/web\/wp-content\/uploads\/2024\/03\/Manifestacion-zocalo-CDMX-150x150.jpg",150,150,true],"medium":["http:\/\/www.maseual.com.mx\/web\/wp-content\/uploads\/2024\/03\/Manifestacion-zocalo-CDMX-300x150.jpg",300,150,true],"medium_large":["http:\/\/www.maseual.com.mx\/web\/wp-content\/uploads\/2024\/03\/Manifestacion-zocalo-CDMX-768x384.jpg",640,320,true],"large":["http:\/\/www.maseual.com.mx\/web\/wp-content\/uploads\/2024\/03\/Manifestacion-zocalo-CDMX.jpg",640,320,false],"1536x1536":["http:\/\/www.maseual.com.mx\/web\/wp-content\/uploads\/2024\/03\/Manifestacion-zocalo-CDMX.jpg",940,470,false],"2048x2048":["http:\/\/www.maseual.com.mx\/web\/wp-content\/uploads\/2024\/03\/Manifestacion-zocalo-CDMX.jpg",940,470,false],"newsever-slider-full":["http:\/\/www.maseual.com.mx\/web\/wp-content\/uploads\/2024\/03\/Manifestacion-zocalo-CDMX.jpg",940,470,false],"newsever-featured":["http:\/\/www.maseual.com.mx\/web\/wp-content\/uploads\/2024\/03\/Manifestacion-zocalo-CDMX.jpg",940,470,false],"newsever-medium":["http:\/\/www.maseual.com.mx\/web\/wp-content\/uploads\/2024\/03\/Manifestacion-zocalo-CDMX-720x470.jpg",720,470,true]},"author_info":{"display_name":"Hugo Barberi Rico","author_link":"http:\/\/www.maseual.com.mx\/web\/author\/maseual\/"},"category_info":"<a href=\"http:\/\/www.maseual.com.mx\/web\/category\/noticias\/\" rel=\"category tag\">Noticias<\/a>","tag_info":"Noticias","comment_count":"0","_links":{"self":[{"href":"http:\/\/www.maseual.com.mx\/web\/wp-json\/wp\/v2\/posts\/5433","targetHints":{"allow":["GET"]}}],"collection":[{"href":"http:\/\/www.maseual.com.mx\/web\/wp-json\/wp\/v2\/posts"}],"about":[{"href":"http:\/\/www.maseual.com.mx\/web\/wp-json\/wp\/v2\/types\/post"}],"author":[{"embeddable":true,"href":"http:\/\/www.maseual.com.mx\/web\/wp-json\/wp\/v2\/users\/3"}],"replies":[{"embeddable":true,"href":"http:\/\/www.maseual.com.mx\/web\/wp-json\/wp\/v2\/comments?post=5433"}],"version-history":[{"count":1,"href":"http:\/\/www.maseual.com.mx\/web\/wp-json\/wp\/v2\/posts\/5433\/revisions"}],"predecessor-version":[{"id":5435,"href":"http:\/\/www.maseual.com.mx\/web\/wp-json\/wp\/v2\/posts\/5433\/revisions\/5435"}],"wp:featuredmedia":[{"embeddable":true,"href":"http:\/\/www.maseual.com.mx\/web\/wp-json\/wp\/v2\/media\/5434"}],"wp:attachment":[{"href":"http:\/\/www.maseual.com.mx\/web\/wp-json\/wp\/v2\/media?parent=5433"}],"wp:term":[{"taxonomy":"category","embeddable":true,"href":"http:\/\/www.maseual.com.mx\/web\/wp-json\/wp\/v2\/categories?post=5433"},{"taxonomy":"post_tag","embeddable":true,"href":"http:\/\/www.maseual.com.mx\/web\/wp-json\/wp\/v2\/tags?post=5433"}],"curies":[{"name":"wp","href":"https:\/\/api.w.org\/{rel}","templated":true}]}}