{"id":5468,"date":"2024-03-18T15:27:25","date_gmt":"2024-03-18T15:27:25","guid":{"rendered":"http:\/\/www.maseual.com.mx\/web\/?p=5468"},"modified":"2024-03-18T16:38:48","modified_gmt":"2024-03-18T16:38:48","slug":"morena-fraccionado-y-candidatos-sin-causas-jose-banda","status":"publish","type":"post","link":"http:\/\/www.maseual.com.mx\/web\/2024\/03\/18\/morena-fraccionado-y-candidatos-sin-causas-jose-banda\/","title":{"rendered":"MORENA FRACCIONADO Y CANDIDATOS SIN CAUSAS: JOS\u00c9 BANDA"},"content":{"rendered":"\n<p>Entrevista | Especial<\/p>\n\n\n\n<p>Por HUGO BARBERI RICO \/ MASEUAL<\/p>\n\n\n\n<ul class=\"wp-block-list\">\n<li><strong>En Morena, con un curso ya cualquiera puede repartir candidaturas<\/strong><\/li>\n\n\n\n<li><strong>Respetar los resultados que se dieron en base a qu\u00e9, \u00bfamiguismos?, ya gener\u00f3 divisi\u00f3n, se\u00f1ala<\/strong><\/li>\n<\/ul>\n\n\n\n<p>Zacatepec, Morelos, M\u00e9xico, 18 de marzo de 2024.-  De personalidad modesta, con tez cubierta por l\u00edneas y colores que marcan implacablemente el tiempo, fuera de toda moda frivolidad, pero muy actualizado en informaci\u00f3n y manteniendo un razonamiento matem\u00e1tico y f\u00edsico muy presente, as\u00ed es como encontramos a Jos\u00e9 Banda Flores, en el sencillo local mec\u00e1nico de la colonia Plan de Ayala de Zacatepec, lugar por donde han pasado candidatos que ya fueron o gobernantes de la entidad, locales, o senadores, o diputados federales, o l\u00edderes estatales de partidos pol\u00edticos y donde siguen pasando quienes ejercen el quehacer pol\u00edtico en diversos niveles.<\/p>\n\n\n\n<p>Las situaciones pol\u00edticas, son ciclos, son cuestiones de adaptaci\u00f3n, comenta Jos\u00e9, Pepe como le dicen sus amigos.<\/p>\n\n\n\n<p>Siempre se ha mantenido como miembro de las bases, en lo m\u00e1s reciente del Partido de la Revoluci\u00f3n Democr\u00e1tica (PRD) y en el Movimiento de Regeneraci\u00f3n Nacional (Morena), pero esta vez se apunt\u00f3 junto con otros diez para contender por la presidencia municipal de Zacatepec, sin embargo, el resultado favoreci\u00f3 a la ex diputada, Keila Selene Figueroa Evaristo, sin que se les diera explicaci\u00f3n, menos informaci\u00f3n alguna de la metodolog\u00eda de elecci\u00f3n, nada.<\/p>\n\n\n\n<p>Precisamente, Jos\u00e9 Banda, el f\u00edsico matem\u00e1tico egresado de la Escuela Superior de F\u00edsica y Matem\u00e1ticas del Instituto Polit\u00e9cnico Nacional (IPN) en los a\u00f1os 70 y quien por m\u00e1s de 40 a\u00f1os se ha integrado a la pol\u00edtica con perfil de izquierda, habla de la situaci\u00f3n que ha provocado inconformidad dentro de Morena y que, de acuerdo a diversas versiones, el caso de los municipios de la regi\u00f3n sur del estado y particularmente en el de Zacatepec, los l\u00edderes que participaron ya ven integrarse a otros partidos pol\u00edticos, debido a que se siguen eligiendo a los de siempre, sin tomar la verdadera formaci\u00f3n de izquierda de sus integrantes y quienes ocupan los cargos.<\/p>\n\n\n\n<figure class=\"wp-block-image size-large\"><img loading=\"lazy\" decoding=\"async\" width=\"1024\" height=\"574\" src=\"http:\/\/www.maseual.com.mx\/web\/wp-content\/uploads\/2024\/03\/Jose-Banda2-1024x574.jpg\" alt=\"\" class=\"wp-image-5470\" srcset=\"http:\/\/www.maseual.com.mx\/web\/wp-content\/uploads\/2024\/03\/Jose-Banda2-1024x574.jpg 1024w, http:\/\/www.maseual.com.mx\/web\/wp-content\/uploads\/2024\/03\/Jose-Banda2-300x168.jpg 300w, http:\/\/www.maseual.com.mx\/web\/wp-content\/uploads\/2024\/03\/Jose-Banda2-768x431.jpg 768w, http:\/\/www.maseual.com.mx\/web\/wp-content\/uploads\/2024\/03\/Jose-Banda2.jpg 1280w\" sizes=\"auto, (max-width: 1024px) 100vw, 1024px\" \/><\/figure>\n\n\n\n<p>Banda flores, un personaje sencillo pero anal\u00edtico, es cordial en recibir al periodista que lo busc\u00f3, cerr\u00f3 el local que muestra en su interior a una de las figuras que se entiende admira, Albert Einstein, cuyo cuadro, seg\u00fan se aprecia por el deterioro, permanece de ya muchos a\u00f1os en su pared norte del cuarto de trabajo.<\/p>\n\n\n\n<p>Como cotidianamente se dice, pasamos hasta la cocina y en la mesa de comedor nos acomodamos casi de frente para iniciar la entrevista.<\/p>\n\n\n\n<p>Record\u00f3 el origen de la izquierda en M\u00e9xico, en aquellos ayeres de los a\u00f1os 80, dividida en partidos pol\u00edticos, el Frente Cardenista de Reconstrucci\u00f3n Nacional, el Aut\u00e9ntico de la Revoluci\u00f3n Mexicana, el Mexicano Socialista, el Revolucionario de los Trabajadores, el Socialista de los Trabajadores, entre otros que en su mayor\u00eda integraron el Frente Democr\u00e1tico Nacional en apoyo a Cuauhtemoc C\u00e1rdenas Sol\u00f3rzano, \u201cgente que tuvo una visi\u00f3n \u2014dijo\u2014 y una situaci\u00f3n que en su momento se estaba viviendo y hablemos de un poco m\u00e1s antes a\u00fan, los sesentas y setentas, que se pronunci\u00f3 por un cambio y eso dio pie a que surgiera, un poco m\u00e1s formal y m\u00e1s organizada el PRD (el de la Revoluci\u00f3n Democr\u00e1tica), a lo mejor arrastrando vicios que se van generando, se met\u00eda uno a la izquierda a hacer reacci\u00f3n, valga la expresi\u00f3n de Newton, de a toda acci\u00f3n hay una reacci\u00f3n, la gente protestaba y a cambio de callarse obten\u00eda prebendas\u201d.<\/p>\n\n\n\n<p>Para Jos\u00e9 Banda, la situaci\u00f3n descrita continu\u00f3 en el PRD, el partido que conjunt\u00f3 esas fuerzas y las encamin\u00f3 hacia un objetivo, hacia un inter\u00e9s social, no de grupo, \u201cen el PRD se conjugan muchas izquierdas\u201d, refiere.<\/p>\n\n\n\n<p>En la charla introductoria, Banda comenta que desafortunadamente el PRD ya cumpli\u00f3 un ciclo, llega el momento en que se cierra ese ciclo, la prueba est\u00e1 en que dicho partido a punto est\u00e1 de no alcanzar un porcentaje para que siga viviendo del presupuesto. La mayor\u00eda de la gente no percibe que los partidos reciben mucho dinero, tienen un aparato burocr\u00e1tico y no es que as\u00ed nazca y es cuando nace la nueva ideolog\u00eda que encabeza el actual presidente de M\u00e9xico, Andr\u00e9s Manuel L\u00f3pez Obrador \u201cy trata de componer desde arriba las cosas. Desgraciadamente en 2012 que se funda Morena, da pie a que muchos compa\u00f1eros que de alguna manera dieron su vida, dejan un legado, para que eso no se pierda y buscar una equidad social en nuestro pa\u00eds, a ra\u00edz de eso Morena se funda como partido y nos da gusto a la mayor\u00eda, Morena se forma para una regeneraci\u00f3n\u201d.<\/p>\n\n\n\n<figure class=\"wp-block-image size-large\"><img loading=\"lazy\" decoding=\"async\" width=\"1024\" height=\"690\" src=\"http:\/\/www.maseual.com.mx\/web\/wp-content\/uploads\/2024\/03\/Jose-Banda3-1024x690.jpg\" alt=\"\" class=\"wp-image-5471\" srcset=\"http:\/\/www.maseual.com.mx\/web\/wp-content\/uploads\/2024\/03\/Jose-Banda3-1024x690.jpg 1024w, http:\/\/www.maseual.com.mx\/web\/wp-content\/uploads\/2024\/03\/Jose-Banda3-300x202.jpg 300w, http:\/\/www.maseual.com.mx\/web\/wp-content\/uploads\/2024\/03\/Jose-Banda3-768x518.jpg 768w, http:\/\/www.maseual.com.mx\/web\/wp-content\/uploads\/2024\/03\/Jose-Banda3.jpg 1280w\" sizes=\"auto, (max-width: 1024px) 100vw, 1024px\" \/><\/figure>\n\n\n\n<p>Sin embargo, pese a la raz\u00f3n ideol\u00f3gica que llev\u00f3 a fundar Morena, para Jos\u00e9 Banda \u201ces triste ver\u2026 que hoy a pr\u00e1cticamente a 12 a\u00f1os de su fundaci\u00f3n, las cosas parece que toman otra vez un ciclo peri\u00f3dico, llega a su c\u00faspide, la famosa \u2018curva de Gaos\u2019 llega a su m\u00e1ximo y luego no queda m\u00e1s que caer, ojal\u00e1 cayera de golpe \u2014refiere seguro\u2014 pero es una ca\u00edda suave, continua, que desgraciadamente estamos en el \u2018pico\u2019 m\u00e1s alto y creo que podemos todav\u00eda recuperar que ese \u2018pico\u2019 no llegue hasta abajo\u201d.<\/p>\n\n\n\n<p>Explic\u00f3 que la idea es que, por ejemplo, en el proceso de elecci\u00f3n de candidaturas para este proceso de 2024, \u201cme llam\u00f3 mucho la atenci\u00f3n, que uno de los requisitos dice que es necesario haber cumplido con un curso m\u00ednimo, b\u00e1sico, de formaci\u00f3n pol\u00edtica, y quiero entender que quien no cumpla con ese requisito obviamente no entra al registro para aspirar a una t\u00f3mbola, a un sorteo, a una encuesta o a cualquiera que sea el m\u00e9todo aprobado por los estatutos\u201d.<\/p>\n\n\n\n<p>Consider\u00f3 como \u201clo m\u00e1s grave\u201d de la situaci\u00f3n expuesta \u201cde que la formaci\u00f3n pol\u00edtica no importa que sea de izquierda o de derecha, no es una profesi\u00f3n, es una vocaci\u00f3n natural, un arte, no una profesi\u00f3n de lo cual tengas que tomar un curso como de t\u00e9cnico en refrigeraci\u00f3n y una vez que ya eres t\u00e9cnico te presentas con tu papel y pues en el mundo en que vivimos pr\u00e1cticamente ya est\u00e1s cobrando con solo revisar un refrigerador. En pol\u00edtica, yo no considero que por un curso de formaci\u00f3n pol\u00edtica, teniendo t\u00fa una trayectoria, independientemente de donde vengas, tomas un curso de esa formaci\u00f3n pol\u00edtica en Morena y ese ya en autom\u00e1tico te convierte en luchador social que va a pregonar y actuar en beneficio de la sociedad y buscando una igualdad social\u201d.<\/p>\n\n\n\n<p>\u2014\u00bfSe cuelan en Morena personas que no son de izquierda, ni luchadores sociales\u2026?<\/p>\n\n\n\n<p>\u2014No es que se cuelen, se est\u00e1 dando pie ah\u00ed a la gente que, de alguna manera, que en la formaci\u00f3n del estatuto no es la palabra \u201ccolarse\u201d, simplemente, incluso, se est\u00e1 convocando, y yo no quiero pensar que sea una ingenuidad pol\u00edtica, a actores que de alguna manera han estado en otro partido, con una trayectoria reconocida, unos por tranzas, otros por buenas gentes, de todo, el partido en el estatuto est\u00e1 convocando a que con un curso ya se curan de su vida pol\u00edtica anterior y ahora ya pueden pregonar que son luchadores sociales de izquierda y con toda la aprobaci\u00f3n del estatuto, una vez tomado el curso pueden manejar, como ya se est\u00e1 viendo aqu\u00ed en Morelos, manejar el partido, otorgar candidaturas que, como hemos visto en un caso muy particular de Morelos, que en el mismo Congreso quienes se dicen representantes del pueblo o representantes de Morena, hay una divisi\u00f3n, cuando se supone que Morena naci\u00f3 unificado, no quiero pensar que haya nacido muerto y estemos nada m\u00e1s navegando con el petate del muerto, eso fue lo que priv\u00f3 pr\u00e1cticamente de la vida al PRD, las famosas corrientes, llamadas vulgarmente las \u2018tribus\u2019, y no quiero pensar que si soy amigo de fulano y a mi enemigo fulano lo voy a ver feo, me acato a la convocatoria, y si no salgo beneficiado no tengo m\u00e1s que acatar, como por ah\u00ed alguien lo dijo: \u2018respete el resultado\u2019, pero ese resultado en base a qu\u00e9, \u00bfamiguismo?, me quedan muchas dudas en base a qu\u00e9, encuesta, t\u00f3mbola, pero a final de cuenta no te dicen en base a qu\u00e9, metodolog\u00eda, no te llaman a una concertaci\u00f3n. Despu\u00e9s del resultado hay divisionismo y ese no es el ideal de haber formado Morena para tener una representaci\u00f3n p\u00fablica en defensa del pueblo.<\/p>\n\n\n\n<p>\u00ad\u2014\u00bfTe sientes defraudado, crees que es grande el n\u00famero de defraudados?<\/p>\n\n\n\n<p>\u2014(\u2026) no me voy a llamar defraudado, fui parte, con mi voto, parte de la formaci\u00f3n de este partido, pero a lo largo del proceso vamos viendo que muchas cosas no dan con la realidad, porque fue en base a la realidad que en su momento vivimos nos llamamos defraudados por parte de otro partido. S\u00ed se nota una desigualdad y el estar en desacuerdo desgraciadamente a muchos nos lleva a divisionar el partido, como estamos viendo todav\u00eda hay un espejo de lo que fue el PRD.<\/p>\n\n\n\n<figure class=\"wp-block-image size-large is-resized\"><img loading=\"lazy\" decoding=\"async\" width=\"814\" height=\"1024\" src=\"http:\/\/www.maseual.com.mx\/web\/wp-content\/uploads\/2024\/03\/Jose-Banda4-814x1024.jpg\" alt=\"\" class=\"wp-image-5472\" style=\"width:412px;height:auto\" srcset=\"http:\/\/www.maseual.com.mx\/web\/wp-content\/uploads\/2024\/03\/Jose-Banda4-814x1024.jpg 814w, http:\/\/www.maseual.com.mx\/web\/wp-content\/uploads\/2024\/03\/Jose-Banda4-239x300.jpg 239w, http:\/\/www.maseual.com.mx\/web\/wp-content\/uploads\/2024\/03\/Jose-Banda4-768x966.jpg 768w, http:\/\/www.maseual.com.mx\/web\/wp-content\/uploads\/2024\/03\/Jose-Banda4.jpg 858w\" sizes=\"auto, (max-width: 814px) 100vw, 814px\" \/><\/figure>\n\n\n\n<p>Al preguntarle sobre su pron\u00f3stico sobre un posible voto de castigo ante la inconformidad de las bases de Morena, Jos\u00e9 Banda dice que no puede generalizar, pero record\u00f3 el antecedente de Cuernavaca, donde el actual presidente municipal, Jos\u00e9 Lu\u00eds Uri\u00f3stegui Salgado, quien lleg\u00f3 \u201ccon un voto de castigo hacia Morena, hacia el PRD, hacia el mismo PRI\u201d. Por cierto, record\u00f3 haber visto defraudado a su paso por las filas del PRD al citado Uri\u00f3stegui Salgado, \u201cse fue muy decepcionado y su causa se est\u00e1 viendo\u2026 el resultado, llega a ser el presidente municipal de Cuernavaca con las siglas de un partido peque\u00f1o\u201d.<\/p>\n\n\n\n<p>Advirti\u00f3 que no puede pronosticar que el modelo de Cuernavaca siga vigente, pero que si no hay fortaleza en los partidos \u201cgrandes\u201d, las fracciones que se sienten defraudadas aunque digan que no se suman a las peque\u00f1as fracciones \u201cy lo que se dice en el ambiente, solo se est\u00e1 pulverizando el voto \u00fatil que podr\u00eda ser para Morena\u201d.<\/p>\n\n\n\n<p>En el caso particular de Zacatepec, los partido Morena, del Trabajo (PT), Movimiento Alternativa social y otros, est\u00e1n candidateando a gente que ya particip\u00f3, \u201cno hay candidatos nuevos, es obvio ahora ya tienen una estructura, ya estuvieron y \u00fanicamente van a reacomodar sus canicas y qu\u00e9 bueno que sea as\u00ed, pero yo dir\u00eda que tambi\u00e9n reacomodaran y reordenaran su proyecto de gobierno que ofrecen al pueblo, porque no es el mismo Zacatepec el de ahorita que el de hace tres a\u00f1os\u201d.<\/p>\n\n\n\n<p><strong>Candidatos sin causa<\/strong><\/p>\n\n\n\n<p>Record\u00f3 que cada partido debe tener un programa de gobierno, el caso de Zacatepec, cada candidato lo debe de encaminar a lo que el municipio necesita, sin embargo, critic\u00f3 que ning\u00fan aspirante habla de alg\u00fan motivo, una causa que abanderen y sobre la cual quieran llegar a gobernar al municipio, como el mejorar la seguridad, la recolecci\u00f3n de basura, solucionar el problema del agua, etc., parecer\u00eda que solo quieren llegar \u201cpara quitar al que est\u00e1 ah\u00ed, que llegue yo y a ver qu\u00e9 encuentro\u201d, situaci\u00f3n que se repite en el estado, pues est\u00e1n los casos marcados del actual gobernador, Cuauhtemoc Blanco Bravo y el ex miembro de su gabinete, Gerardo Becerra Ch\u00e1vez de Ita, quienes prometieron meter a la c\u00e1rcel al ex gobernador de Morelos, Graco Lu\u00eds Ram\u00edrez Garrido Abreu, est\u00e1 por terminar la gesti\u00f3n y no lo han hecho.<\/p>\n\n\n\n<p>\u201cNo s\u00e9 si Gerardo haya tenido los elementos para (meter a la c\u00e1rcel a Graco), pero renuncia al cargo, no s\u00e9 si no lo dejaron actuar, o no quiso o se le hizo cansado seguir con esa promesa de Cuauhtemoc\u2026 tuvieron una causa para llegar al poder. En su momento Graco dijo que quer\u00eda llegar y que en 18 meses acabar\u00eda con la delincuencia, no pudo, no le echo la culpa al se\u00f1or, pero hubo una causa por lo cual querer llegar a estar ah\u00ed\u201d.<\/p>\n\n\n\n<p>\u2014Y que no nada m\u00e1s no lo cumpli\u00f3 sino se increment\u00f3 la inseguridad.<\/p>\n\n\n\n<p>\u2014S\u00ed, el caso actual de Cuauhtemoc Blanco, fue una promesa de \u00e9l, y no s\u00e9 por qu\u00e9, \u00e9l y mucha gente, no s\u00e9 qu\u00e9 se tra\u00eda con el licenciado Graco que lo quer\u00edan ver en la c\u00e1rcel y mucha gente vot\u00f3 por Cuauhtemoc por eso, porque dijo que lo iba a meter a la c\u00e1rcel.<\/p>\n\n\n\n<p>\u2014Bueno, hay que recordar el rencor social que gener\u00f3 Graco porque fue acusado a nivel nacional de robarse los apoyos que llegaban para damnificados del terremoto, el incremento de la delincuencia, la descalificaci\u00f3n y desprecio que tuvo con los movimientos sociales, construy\u00f3 dos elefantes blancos en la regi\u00f3n, el estadio en Zacatepec y la \u201cArena Teques\u201d, etc.<\/p>\n\n\n\n<p>\u2014S\u00ed, y que benefici\u00f3 a unos cuantos, se pueden decir muchas cosas de \u00e9l, pero volviendo a la pregunta, en la campa\u00f1a motivas a la gente, por quieres llegar ah\u00ed\u2026 he votado por Andr\u00e9s Manuel (L\u00f3pez Obrador) cuando ha sido candidato y esta vez, uno de los motivos que aun m\u00e1s lo voy a decir que me llam\u00f3, es que este se\u00f1or si llega dijo que le iba a quitar la pensi\u00f3n a los ex presidentes (de M\u00e9xico, prebendas personales, guardias) y lo cumpli\u00f3 y esto sigui\u00f3 moviendo el tapete para seguir haciendo cosas que a mi juicio sigue haciendo bien\u2026<\/p>\n\n\n\n<p>Precis\u00f3 que se trata de votar por el compromiso que haga el candidato, no como anteriormente se estilaba solo por el candidato y\/o el partido, o por una despensa, por un bulto de abono, sino por algo que te \u201cmotive el alma\u201d, que haga que se deposite la confianza en tal candidato, pero ahora \u201cno hay esa causa, motivo, raz\u00f3n o circunstancia\u201d.<\/p>\n\n\n\n<p>Desde luego, se necesita para esta localidad y para Morelos, que los candidatos abanderen causas y que lo cumplan, \u201cpor ejemplo, en Morelos no se produce trigo, somos dos millones de habitantes, en promedio cada habitante se come 50 gramos de harina de trigo diario en un pan, \u00bfcu\u00e1ntas toneladas son?, sin embargo, no se produce, pero escucho al actual gobernador decir que va a dar incentivos al campo, para que produzca, pero no producimos ni siquiera el bolillo de la torta que compramos en la esquina. Son detallitos que si lo ves son causas, pero ahora solo dicen: yo voy a meterlo al bote, voy a mantener lo que est\u00e1 bien, lo que est\u00e1 mal lo voy a quitar, pero no dicen qu\u00e9 est\u00e1 mal\u2026\u201d<\/p>\n\n\n\n<p>La conversaci\u00f3n la cerr\u00f3 con un llamado a sus compa\u00f1eros de partido, porque considera que Morena es el \u00fanico partido v\u00eda para continuar concientizando a la gente de que esto s\u00ed tiene rumbo, que puede haber un cambio social.<\/p>\n\n\n\n<p>Jos\u00e9 Banda, pol\u00edticamente particip\u00f3 desde sus \u00e9pocas de estudiante en el IPN en los a\u00f1os 70, en la d\u00e9cada siguiente fue parte del desaparecido Frente Cardenista de Reconstrucci\u00f3n Nacional que impuls\u00f3 la candidatura de Cuauhtemoc C\u00e1rdenas Sol\u00f3rzano para la presidencia de la Rep\u00fablica Mexicana, por lo que se integr\u00f3 tambi\u00e9n al Frente Democr\u00e1tico Nacional, para lograr el triunfo de este candidato. Es miembro fundador del PRD en el estado y fue presidente del mismo partido en Zacatepec en el 2003 \u201cen el momento afortunado que el PRD levant\u00f3 (y gan\u00f3 la presidencia municipal)\u201d, donde particip\u00f3 en las elecciones y logr\u00f3 la secretar\u00eda municipal. Estuvo como Consejero Estatal del mismo PRD. En Morena \u201cno he tenido la oportunidad y creo que cada d\u00eda se van cerrando m\u00e1s las puertas por la dichosa convocatoria de que con un curso ya eres Moreno\u201d, concluy\u00f3.<\/p>\n","protected":false},"excerpt":{"rendered":"<p>Entrevista | Especial Por HUGO BARBERI RICO \/ MASEUAL Zacatepec, Morelos, M\u00e9xico, 18 de marzo&#8230;<\/p>\n","protected":false},"author":3,"featured_media":5469,"comment_status":"open","ping_status":"open","sticky":false,"template":"","format":"standard","meta":{"footnotes":""},"categories":[34],"tags":[],"class_list":["post-5468","post","type-post","status-publish","format-standard","has-post-thumbnail","hentry","category-noticias"],"featured_image_urls":{"full":["http:\/\/www.maseual.com.mx\/web\/wp-content\/uploads\/2024\/03\/Jose-Banda.jpg",779,1081,false],"thumbnail":["http:\/\/www.maseual.com.mx\/web\/wp-content\/uploads\/2024\/03\/Jose-Banda-150x150.jpg",150,150,true],"medium":["http:\/\/www.maseual.com.mx\/web\/wp-content\/uploads\/2024\/03\/Jose-Banda-216x300.jpg",216,300,true],"medium_large":["http:\/\/www.maseual.com.mx\/web\/wp-content\/uploads\/2024\/03\/Jose-Banda-768x1066.jpg",640,888,true],"large":["http:\/\/www.maseual.com.mx\/web\/wp-content\/uploads\/2024\/03\/Jose-Banda-738x1024.jpg",640,888,true],"1536x1536":["http:\/\/www.maseual.com.mx\/web\/wp-content\/uploads\/2024\/03\/Jose-Banda.jpg",779,1081,false],"2048x2048":["http:\/\/www.maseual.com.mx\/web\/wp-content\/uploads\/2024\/03\/Jose-Banda.jpg",779,1081,false],"newsever-slider-full":["http:\/\/www.maseual.com.mx\/web\/wp-content\/uploads\/2024\/03\/Jose-Banda-779x845.jpg",779,845,true],"newsever-featured":["http:\/\/www.maseual.com.mx\/web\/wp-content\/uploads\/2024\/03\/Jose-Banda.jpg",779,1081,false],"newsever-medium":["http:\/\/www.maseual.com.mx\/web\/wp-content\/uploads\/2024\/03\/Jose-Banda-720x475.jpg",720,475,true]},"author_info":{"display_name":"Hugo Barberi Rico","author_link":"http:\/\/www.maseual.com.mx\/web\/author\/maseual\/"},"category_info":"<a href=\"http:\/\/www.maseual.com.mx\/web\/category\/noticias\/\" rel=\"category tag\">Noticias<\/a>","tag_info":"Noticias","comment_count":"0","_links":{"self":[{"href":"http:\/\/www.maseual.com.mx\/web\/wp-json\/wp\/v2\/posts\/5468","targetHints":{"allow":["GET"]}}],"collection":[{"href":"http:\/\/www.maseual.com.mx\/web\/wp-json\/wp\/v2\/posts"}],"about":[{"href":"http:\/\/www.maseual.com.mx\/web\/wp-json\/wp\/v2\/types\/post"}],"author":[{"embeddable":true,"href":"http:\/\/www.maseual.com.mx\/web\/wp-json\/wp\/v2\/users\/3"}],"replies":[{"embeddable":true,"href":"http:\/\/www.maseual.com.mx\/web\/wp-json\/wp\/v2\/comments?post=5468"}],"version-history":[{"count":2,"href":"http:\/\/www.maseual.com.mx\/web\/wp-json\/wp\/v2\/posts\/5468\/revisions"}],"predecessor-version":[{"id":5474,"href":"http:\/\/www.maseual.com.mx\/web\/wp-json\/wp\/v2\/posts\/5468\/revisions\/5474"}],"wp:featuredmedia":[{"embeddable":true,"href":"http:\/\/www.maseual.com.mx\/web\/wp-json\/wp\/v2\/media\/5469"}],"wp:attachment":[{"href":"http:\/\/www.maseual.com.mx\/web\/wp-json\/wp\/v2\/media?parent=5468"}],"wp:term":[{"taxonomy":"category","embeddable":true,"href":"http:\/\/www.maseual.com.mx\/web\/wp-json\/wp\/v2\/categories?post=5468"},{"taxonomy":"post_tag","embeddable":true,"href":"http:\/\/www.maseual.com.mx\/web\/wp-json\/wp\/v2\/tags?post=5468"}],"curies":[{"name":"wp","href":"https:\/\/api.w.org\/{rel}","templated":true}]}}