{"id":5478,"date":"2024-03-19T08:22:48","date_gmt":"2024-03-19T08:22:48","guid":{"rendered":"http:\/\/www.maseual.com.mx\/web\/?p=5478"},"modified":"2024-03-19T08:22:56","modified_gmt":"2024-03-19T08:22:56","slug":"libertad-de-expresion-prensa-y-democracia","status":"publish","type":"post","link":"http:\/\/www.maseual.com.mx\/web\/2024\/03\/19\/libertad-de-expresion-prensa-y-democracia\/","title":{"rendered":"LIBERTAD DE EXPRESI\u00d3N, PRENSA Y DEMOCRACIA"},"content":{"rendered":"\n<p>Por ALEJANDRO C\u00c1RDENAS SAN ANTONIO \/ MASEUAL<\/p>\n\n\n\n<p>\u2022 <strong><em>La verdad no peca, pero incomoda<\/em><\/strong><br>\u2022 <strong><em>En M\u00e9xico, cada 16 horas es atacada la prensa, principalmente por un representante de gobierno<\/em><\/strong><\/p>\n\n\n\n<p>Cuernavaca, Morelos, M\u00e9xico, 19 de marzo de 2024.- <strong>El pasado 28 de febrero de este 2024, la reportera del peri\u00f3dico el PAIS, Almudena Barrag\u00e1n, public\u00f3 en ese medio, un art\u00edculo donde ella analizaba las condiciones desfavorables para desarrollar la actividad informativa en M\u00e9xico y ella dec\u00eda: \u201cM\u00e9xico es uno de los pa\u00edses m\u00e1s peligrosos para ser periodista en el mundo, al margen de las zonas de guerra, el pa\u00eds sigue en los primeros puestos de ataques contra la prensa. Art\u00edculo 19, una organizaci\u00f3n que defiende los derechos de los periodistas, registr\u00f3 561 de estas agresiones durante 2023, es decir, un periodista o medio de comunicaci\u00f3n fueron atacados cada 16 horas en el pa\u00eds por el ejercicio de su labor\u201d.<\/strong><\/p>\n\n\n\n<p><strong>Continuando con parte de la informaci\u00f3n que proporcionaba Almudena -porque es muy atinada, ya que cualquiera que ejercita el periodismo, sabe de lo que habla la colega-: \u201cLos ataques a informadores van desde la violencia directa, la intimidaci\u00f3n, amenazas por parte de las autoridades locales, hostigamiento en redes sociales hasta el acoso judicial. Despu\u00e9s de la intimidaci\u00f3n, el uso ileg\u00edtimo del poder p\u00fablico se posiciona como el segundo tipo de agresi\u00f3n m\u00e1s com\u00fan, lo que demuestra que gran parte de la coacci\u00f3n a la prensa procede de funcionarios y pol\u00edticos\u201d.<\/strong><\/p>\n\n\n\n<p><strong>La verdad no peca, pero incomoda. Y al respecto, la Corte Interamericana de Derechos Humanos tiene mucho que aportar sobre la Libertad de Expresi\u00f3n; por ejemplo, sobre el ejercicio del periodismo -antes los de la llamada \u201cvieja guardia\u201d, a este ejercicio le dec\u00edan con orgulloso sarcasmo \u201ctalacha\u201d- dice la Corte que: \u201cExiste una notoria y trascendental vinculaci\u00f3n entre la libertad de expresi\u00f3n, en general, y el desempe\u00f1o de la profesi\u00f3n period\u00edstica, en particular, que implica una pr\u00e1ctica sistem\u00e1tica y deliberada de esa libertad. De ah\u00ed que el periodismo ofrezca un marco espec\u00edfico de suma importancia para el an\u00e1lisis y la tutela de la libertad de expresi\u00f3n. En este orden, la Corte ha examinado la importancia de los medios de comunicaci\u00f3n social para la preservaci\u00f3n de la Democracia\u201d.<\/strong><\/p>\n\n\n\n<p><strong>Tambi\u00e9n, la Corte Interamericana de Derechos Humanos, es clara cuando se\u00f1ala sobre la Libertad de Expresi\u00f3n que: \u201cEs preciso contar con medios que aseguren el ejercicio responsable de \u00e9sta, sin limitar la libertad de expresi\u00f3n a trav\u00e9s de reglas que condicionen o, de hecho, impidan la actividad period\u00edstica\u201d.<\/strong><\/p>\n\n\n\n<p><strong>Y a\u00f1ade que: \u201cEs perfectamente concebible establecer un estatuto que proteja la libertad e independencia de todos aquellos que ejerzan el periodismo, sin necesidad de dejar ese ejercicio solamente a un grupo restringido de la comunidad. As\u00ed mismo, es fundamental que los periodistas gocen de la protecci\u00f3n y de la independencia necesarias para realizar sus funciones a cabalidad, ya que son ellos los que mantienen informada a la sociedad, requisito indispensable para que \u00e9sta goce de plena libertad\u201d.<\/strong><\/p>\n\n\n\n<p><strong>Tambi\u00e9n, sobre la situaci\u00f3n de los servidores p\u00fablicos, la Corte Interamericana de Derechos Humanos tiene mucho que decir, tiene apartados dedicados al tema y, de inicio dice que ellos, los servidores p\u00fablicos: \u201c\u2026est\u00e1n sujetos a un escrutinio p\u00fablico mayor que el correspondiente a otras personas. -y lo est\u00e1n, porque- Es esencial para el funcionamiento de un sistema verdaderamente democr\u00e1tico\u2026 este mismo criterio -aclara- se aplica respecto de las opiniones o declaraciones de inter\u00e9s p\u00fablico que se viertan en relaci\u00f3n con una persona que se postula como candidato a la Presidencia de la Rep\u00fablica, la cual se somete voluntariamente al escrutinio p\u00fablico, as\u00ed como respecto de asuntos de inter\u00e9s p\u00fablico en los cuales la sociedad tiene un leg\u00edtimo inter\u00e9s de mantenerse informada y de conocer lo que incide sobre el funcionamiento del Estado y afecta intereses o derechos generales, o le acarrea consecuencias importantes\u201d.<\/strong><\/p>\n\n\n\n<p><strong>La Corte Interamericana de Derechos Humanos, agrega que: \u201cLas personas que influyen en cuestiones de inter\u00e9s p\u00fablico se han expuesto voluntariamente a un escrutinio p\u00fablico m\u00e1s exigente y, consecuentemente, en ese \u00e1mbito se ven sometidos a un mayor riesgo de sufrir cr\u00edticas, ya que sus actividades salen del dominio de la esfera privada para insertarse en la esfera del debate p\u00fablico\u201d.<\/strong><\/p>\n\n\n\n<p><strong>Como se puede apreciar, por algo, algunos buscan opacar la verdad\u2026 la verdad no peca, pero incomoda.<\/strong><\/p>\n\n\n\n<p><strong>En un pa\u00eds democr\u00e1tico como es M\u00e9xico, la Libertad de Expresi\u00f3n es el motor de la Prensa y ejercerla no significa ser un detractor, conservador, adversario o buitre\u2026 eso lo interpreta quien adoctrina, quien miente, quien manipula; pero es muy sencilla la raz\u00f3n por la que un periodista es atacado por un servidor p\u00fablico o un gobierno: \u00a1la verdad no peca, es que le incomoda! y m\u00e1s si es tiempo de urnas, m\u00e1s si es temporada electoral, m\u00e1s si es tiempo de promesas que no empobrecen, pero sirven para viciar la preferencia de un voto.<\/strong><\/p>\n\n\n\n<p><strong>Y que conste que aqu\u00ed no se ha mencionado el Art\u00edculo 7\u00ba de nuestra Carta Magna, que habla del Derecho a la Libertad de Escribir y Publicar obras sobre cualquier materia, hemos recordado solo una peque\u00f1a parte de lo que a nivel internacional defiende la Corte Interamericana de Derechos Humanos cuando trata la Libertad de Expresi\u00f3n.<\/strong><\/p>\n\n\n\n<p>Por ello, tratar de acotar, callar, censurar, amenazar, intimidar, secuestrar o en el peor de los casos, asesinar a un comunicador o atentar contra un medio de comunicaci\u00f3n, no es solo da\u00f1ar al trabajador de la comunicaci\u00f3n y a su familia, sino que va m\u00e1s all\u00e1, y es vulnerar, agraviar, desmoronar y desmantelar la Democracia que tantas luchas, sangre, l\u00e1grimas y muerte ha experimentado la historia de un pa\u00eds sin dictadura.<\/p>\n","protected":false},"excerpt":{"rendered":"<p>Por ALEJANDRO C\u00c1RDENAS SAN ANTONIO \/ MASEUAL \u2022 La verdad no peca, pero incomoda\u2022 En&#8230;<\/p>\n","protected":false},"author":3,"featured_media":5479,"comment_status":"open","ping_status":"open","sticky":false,"template":"","format":"standard","meta":{"footnotes":""},"categories":[31],"tags":[],"class_list":["post-5478","post","type-post","status-publish","format-standard","has-post-thumbnail","hentry","category-opinion"],"featured_image_urls":{"full":["http:\/\/www.maseual.com.mx\/web\/wp-content\/uploads\/2024\/03\/Banderas.jpg",720,480,false],"thumbnail":["http:\/\/www.maseual.com.mx\/web\/wp-content\/uploads\/2024\/03\/Banderas-150x150.jpg",150,150,true],"medium":["http:\/\/www.maseual.com.mx\/web\/wp-content\/uploads\/2024\/03\/Banderas-300x200.jpg",300,200,true],"medium_large":["http:\/\/www.maseual.com.mx\/web\/wp-content\/uploads\/2024\/03\/Banderas.jpg",640,427,false],"large":["http:\/\/www.maseual.com.mx\/web\/wp-content\/uploads\/2024\/03\/Banderas.jpg",640,427,false],"1536x1536":["http:\/\/www.maseual.com.mx\/web\/wp-content\/uploads\/2024\/03\/Banderas.jpg",720,480,false],"2048x2048":["http:\/\/www.maseual.com.mx\/web\/wp-content\/uploads\/2024\/03\/Banderas.jpg",720,480,false],"newsever-slider-full":["http:\/\/www.maseual.com.mx\/web\/wp-content\/uploads\/2024\/03\/Banderas.jpg",720,480,false],"newsever-featured":["http:\/\/www.maseual.com.mx\/web\/wp-content\/uploads\/2024\/03\/Banderas.jpg",720,480,false],"newsever-medium":["http:\/\/www.maseual.com.mx\/web\/wp-content\/uploads\/2024\/03\/Banderas-720x475.jpg",720,475,true]},"author_info":{"display_name":"Hugo Barberi Rico","author_link":"http:\/\/www.maseual.com.mx\/web\/author\/maseual\/"},"category_info":"<a href=\"http:\/\/www.maseual.com.mx\/web\/category\/opinion\/\" rel=\"category tag\">Opini\u00f3n<\/a>","tag_info":"Opini\u00f3n","comment_count":"0","_links":{"self":[{"href":"http:\/\/www.maseual.com.mx\/web\/wp-json\/wp\/v2\/posts\/5478","targetHints":{"allow":["GET"]}}],"collection":[{"href":"http:\/\/www.maseual.com.mx\/web\/wp-json\/wp\/v2\/posts"}],"about":[{"href":"http:\/\/www.maseual.com.mx\/web\/wp-json\/wp\/v2\/types\/post"}],"author":[{"embeddable":true,"href":"http:\/\/www.maseual.com.mx\/web\/wp-json\/wp\/v2\/users\/3"}],"replies":[{"embeddable":true,"href":"http:\/\/www.maseual.com.mx\/web\/wp-json\/wp\/v2\/comments?post=5478"}],"version-history":[{"count":1,"href":"http:\/\/www.maseual.com.mx\/web\/wp-json\/wp\/v2\/posts\/5478\/revisions"}],"predecessor-version":[{"id":5480,"href":"http:\/\/www.maseual.com.mx\/web\/wp-json\/wp\/v2\/posts\/5478\/revisions\/5480"}],"wp:featuredmedia":[{"embeddable":true,"href":"http:\/\/www.maseual.com.mx\/web\/wp-json\/wp\/v2\/media\/5479"}],"wp:attachment":[{"href":"http:\/\/www.maseual.com.mx\/web\/wp-json\/wp\/v2\/media?parent=5478"}],"wp:term":[{"taxonomy":"category","embeddable":true,"href":"http:\/\/www.maseual.com.mx\/web\/wp-json\/wp\/v2\/categories?post=5478"},{"taxonomy":"post_tag","embeddable":true,"href":"http:\/\/www.maseual.com.mx\/web\/wp-json\/wp\/v2\/tags?post=5478"}],"curies":[{"name":"wp","href":"https:\/\/api.w.org\/{rel}","templated":true}]}}