{"id":5493,"date":"2024-03-22T15:11:39","date_gmt":"2024-03-22T15:11:39","guid":{"rendered":"http:\/\/www.maseual.com.mx\/web\/?p=5493"},"modified":"2024-03-23T20:27:04","modified_gmt":"2024-03-23T20:27:04","slug":"juarez-lo-bueno-y-lo-malo-pero-mas-de-150-anos-recordado","status":"publish","type":"post","link":"http:\/\/www.maseual.com.mx\/web\/2024\/03\/22\/juarez-lo-bueno-y-lo-malo-pero-mas-de-150-anos-recordado\/","title":{"rendered":"JU\u00c1REZ, LO &#8220;BUENO&#8221; Y LO &#8220;MALO&#8221;, PERO M\u00c1S DE 150 A\u00d1OS RECORDADO"},"content":{"rendered":"\n<p>Por HUGO BARBERI RICO \/ MASEUAL<\/p>\n\n\n\n<p>Jojutla de Ju\u00e1rez, Morelos, M\u00e9xico, 22 de marzo de 2024.- Mensajes que resaltaron sus aciertos, pero tambi\u00e9n sus errores, enmarcaron este 21 de marzo en Jojutla, como un aniversario m\u00e1s del natalicio del llamado \u201cBenem\u00e9rito de las Am\u00e9ricas\u201d, Benito Pablo Ju\u00e1rez Garc\u00eda, uno de los personajes m\u00e1s exaltados de la historia mexicana y ante lo que vale decir \u201cque nos han ense\u00f1ado equivocadamente que la realidad pol\u00edtica de nuestro pa\u00eds se divide entre liberales y conservadores y que los buenos son los liberales y los malos los conservadores, mentira completa\u201d, expres\u00f3 contundente el historiador Jes\u00fas Zavaleta Castro en un acto p\u00fablico organizado por el ayuntamiento que preside Alan Mart\u00ednez Garc\u00eda.<\/p>\n\n\n\n<figure class=\"wp-block-image size-large\"><img loading=\"lazy\" decoding=\"async\" width=\"1024\" height=\"768\" src=\"http:\/\/www.maseual.com.mx\/web\/wp-content\/uploads\/2024\/03\/Benito-Juarez-secund-1024x768.jpg\" alt=\"\" class=\"wp-image-5500\" srcset=\"http:\/\/www.maseual.com.mx\/web\/wp-content\/uploads\/2024\/03\/Benito-Juarez-secund-1024x768.jpg 1024w, http:\/\/www.maseual.com.mx\/web\/wp-content\/uploads\/2024\/03\/Benito-Juarez-secund-300x225.jpg 300w, http:\/\/www.maseual.com.mx\/web\/wp-content\/uploads\/2024\/03\/Benito-Juarez-secund-768x576.jpg 768w, http:\/\/www.maseual.com.mx\/web\/wp-content\/uploads\/2024\/03\/Benito-Juarez-secund.jpg 1280w\" sizes=\"auto, (max-width: 1024px) 100vw, 1024px\" \/><\/figure>\n\n\n\n<p><strong>Los ni\u00f1os, cada uno es un Ju\u00e1rez<br><\/strong>De inicio, autoridades, profesores, alumnos y logias mas\u00f3nicas invitadas, se reunieron a las 7:00 horas en la Escuela Secundaria \u201cBenito Ju\u00e1rez\u201d ubicada en la entrada occidente de la cabecera municipal de Jojutla, para rendir homenaje a la escuela que, al igual que la ciudad, lleva el nombre del reconocido personaje hist\u00f3rico. Ah\u00ed, en su mensaje, Ley Seo Fu Legy Torres, miembro de la logia mas\u00f3nica \u201cRicardo S\u00e1nchez\u201d, se refiri\u00f3 a la educaci\u00f3n como base del futuro del joven y a Ju\u00e1rez como la muestra de que s\u00ed es posible ir de la pobreza a la plenitud y llegar a ocupar un cargo tan elevado de mando como es el dirigir todo un pa\u00eds, \u201ccada uno de ustedes es un Ju\u00e1rez \u2014les dijo a los alumnos\u2014 y la lucha por los principios, valores, libertad, justicia y amor a M\u00e9xico, es la actualidad que les toca vivir, desde donde est\u00e1s puedes t\u00fa imitar la grandeza y la parte humana de los h\u00e9roes que nos han dado patria, puedes ser un Zapata, un Morelos, el Ju\u00e1rez que sigue luchando por los principios, por los ideales, la libertad, la justicia y el amor a la patria.<\/p>\n\n\n\n<figure class=\"wp-block-image size-large is-resized\"><img loading=\"lazy\" decoding=\"async\" width=\"1024\" height=\"759\" src=\"http:\/\/www.maseual.com.mx\/web\/wp-content\/uploads\/2024\/03\/Ley-Seo-Fu-1024x759.jpg\" alt=\"\" class=\"wp-image-5495\" style=\"width:428px;height:auto\" srcset=\"http:\/\/www.maseual.com.mx\/web\/wp-content\/uploads\/2024\/03\/Ley-Seo-Fu-1024x759.jpg 1024w, http:\/\/www.maseual.com.mx\/web\/wp-content\/uploads\/2024\/03\/Ley-Seo-Fu-300x222.jpg 300w, http:\/\/www.maseual.com.mx\/web\/wp-content\/uploads\/2024\/03\/Ley-Seo-Fu-768x569.jpg 768w, http:\/\/www.maseual.com.mx\/web\/wp-content\/uploads\/2024\/03\/Ley-Seo-Fu-1536x1139.jpg 1536w, http:\/\/www.maseual.com.mx\/web\/wp-content\/uploads\/2024\/03\/Ley-Seo-Fu.jpg 1600w\" sizes=\"auto, (max-width: 1024px) 100vw, 1024px\" \/><\/figure>\n\n\n\n<p><br>\u201cDe origen cien por ciento zapoteco, no hablaba espa\u00f1ol, tuvo que aprender en su infancia, en su primera adolescencia, sus estudios principales hasta llegar a ser abogado, tambi\u00e9n ostent\u00f3 diversos cargos p\u00fablicos\u2026 se manej\u00f3 con honradez, probidad y una excelente ejecuci\u00f3n, cosa que lo llev\u00f3 a ser el Presidente de la Rep\u00fablica. Le toc\u00f3 enfrentar la invasi\u00f3n francesa y la batalla del 5 de Mayo es una muestra del poder\u00edo mexicano en donde la sangre de nuestras ra\u00edces, y cuando entendemos las ra\u00edces, la sangre de los naturales de nuestras tierras, como los zacapoaxtlas, fueron los que vencieron al primer ej\u00e9rcito del mundo, de Napole\u00f3n Bonaparte\u201d, donde Ju\u00e1rez tuvo que salir a Estados Unidos de Am\u00e9rica y luego regresar, triunfal, para ser presidente de M\u00e9xico, entreg\u00f3 el poder a Jes\u00fas Gonz\u00e1lez Ortega, entonces gobernador de Zacatecas, y Ju\u00e1rez, vuelve a dirigir las leyes de reforma, presenta las propuestas, realiza la separaci\u00f3n de iglesia-estado y funda el registro civil, resalt\u00f3 el tambi\u00e9n destacado promotor de la cultura en la regi\u00f3n.<\/p>\n\n\n\n<p><strong>Ju\u00e1rez mas\u00f3n y su compromiso cumplido con la verdad, igualdad, libertad, justicia<br><\/strong>De su lado, el ayuntamiento jojutlense organiz\u00f3 un acto solemne en el monumento conocido como \u201cCabeza de Ju\u00e1rez\u201d, donde Jorge Lu\u00eds Garc\u00eda Quiroz, tambi\u00e9n de la logia \u201cRicardo S\u00e1nchez\u201d en su mensaje, resalt\u00f3 que la pertenencia de Ju\u00e1rez a la masoner\u00eda \u201cno solo refleja su compromiso con los principios de libertad, igualdad y fraternidad, sino tambi\u00e9n su visi\u00f3n de una sociedad justa y progresista\u201d.<\/p>\n\n\n\n<figure class=\"wp-block-image size-large is-resized\"><img loading=\"lazy\" decoding=\"async\" width=\"1024\" height=\"560\" src=\"http:\/\/www.maseual.com.mx\/web\/wp-content\/uploads\/2024\/03\/Jorge-Luis-Garcia-Quiroz-1024x560.jpg\" alt=\"\" class=\"wp-image-5496\" style=\"width:488px;height:auto\" srcset=\"http:\/\/www.maseual.com.mx\/web\/wp-content\/uploads\/2024\/03\/Jorge-Luis-Garcia-Quiroz-1024x560.jpg 1024w, http:\/\/www.maseual.com.mx\/web\/wp-content\/uploads\/2024\/03\/Jorge-Luis-Garcia-Quiroz-300x164.jpg 300w, http:\/\/www.maseual.com.mx\/web\/wp-content\/uploads\/2024\/03\/Jorge-Luis-Garcia-Quiroz-768x420.jpg 768w, http:\/\/www.maseual.com.mx\/web\/wp-content\/uploads\/2024\/03\/Jorge-Luis-Garcia-Quiroz.jpg 1050w\" sizes=\"auto, (max-width: 1024px) 100vw, 1024px\" \/><\/figure>\n\n\n\n<p><br>A\u00f1adi\u00f3 que en su incansable lucha por un M\u00e9xico m\u00e1s justo y libre, Ju\u00e1rez no solo promovi\u00f3 la educaci\u00f3n laica y gratuita, sino que tambi\u00e9n \u201ctrabaj\u00f3 arduamente para erradicar cualquier vestigio de oscurantismo y superstici\u00f3n que pudiera obstaculizar el progreso de nuestro pa\u00eds.<br>\u201cLa Masoner\u00eda, con su compromiso con el conocimiento y la verdad, encontr\u00f3 en Ju\u00e1rez un valioso aliado en la construcci\u00f3n de una sociedad m\u00e1s justa y equitativa. Su legado nos inspira a seguir promoviendo los ideales de libertad, igualdad y justicia que \u00e9l defendi\u00f3 con tanto ah\u00ednco.<\/p>\n\n\n\n<p><strong>Mundo de avances tecnol\u00f3gicos para educar y con m\u00e1s de 700 millones analfabetas<br><\/strong>Norma Dom\u00ednguez Quezada, de la \u201crespetable logia simb\u00f3lica \u2018Margarita Maza de Ju\u00e1rez 7, n\u00famero 1\u2019 de Jojutla\u201d, reflexion\u00f3 sobre los avances tecnol\u00f3gicos en un mundo fascinante que \u201cno dejan de impresionarnos\u201d, pleno de ret\u00f3rica en favor de los que carecen de lo esencial, que rechaza a los migrantes que salen de sus pa\u00edses en busca de oportunidades, o para escapar del horror de <\/p>\n\n\n\n<figure class=\"wp-block-image size-large is-resized\"><img loading=\"lazy\" decoding=\"async\" width=\"1024\" height=\"561\" src=\"http:\/\/www.maseual.com.mx\/web\/wp-content\/uploads\/2024\/03\/Norma-Dominguez-Quezada-1024x561.jpg\" alt=\"\" class=\"wp-image-5497\" style=\"width:528px;height:auto\" srcset=\"http:\/\/www.maseual.com.mx\/web\/wp-content\/uploads\/2024\/03\/Norma-Dominguez-Quezada-1024x561.jpg 1024w, http:\/\/www.maseual.com.mx\/web\/wp-content\/uploads\/2024\/03\/Norma-Dominguez-Quezada-300x164.jpg 300w, http:\/\/www.maseual.com.mx\/web\/wp-content\/uploads\/2024\/03\/Norma-Dominguez-Quezada-768x420.jpg 768w, http:\/\/www.maseual.com.mx\/web\/wp-content\/uploads\/2024\/03\/Norma-Dominguez-Quezada.jpg 1054w\" sizes=\"auto, (max-width: 1024px) 100vw, 1024px\" \/><\/figure>\n\n\n\n<p>la guerra o la persecuci\u00f3n por mencionar algunos, \u201cun mundo que avanza, en medio de la destrucci\u00f3n de la cadena de la vida, por la avaricia de unos y astucia de otros. Las enormes posibilidades de recibir educaci\u00f3n y la presencia de m\u00e1s de 700 millones de personas que no saben leer, ni escribir, en un mundo rebosante de desigualdad y pragmatismo y al mismo tiempo necesitado urgentemente de valores de humanismo y de utop\u00edas\u201d, por ello es justo el homenaje al que encabez\u00f3 la revoluci\u00f3n cultural m\u00e1s trascendente de nuestro pa\u00eds, \u201cun hombre excepcional que marc\u00f3 los principios de las leyes de reforma y que son la regla normal de nuestra vida pol\u00edtica y social. Su elocuencia nunca estuvo en las palabras, estaba en los actos\u2026\u201d<\/p>\n\n\n\n<p><strong>Bajar a los h\u00e9roes de su pedestal y ubicarlos en su naturaleza humana para dimensionar correctamente su aporte<br><\/strong>Sin embargo, Zavaleta Castro, advirti\u00f3 al iniciar su intervenci\u00f3n que es tiempo de decir la verdad por s\u00ed misma, como lo escribi\u00f3 Jos\u00e9 Mar\u00eda Morelos y Pav\u00f3n el 8 de febrero de 1811 en Cuautla, 12 d\u00edas antes del primer ataque que dio inicio al \u201chist\u00f3rico y heroico sitio de Cuautla\u201d.<\/p>\n\n\n\n<figure class=\"wp-block-image size-large is-resized\"><img loading=\"lazy\" decoding=\"async\" width=\"1024\" height=\"563\" src=\"http:\/\/www.maseual.com.mx\/web\/wp-content\/uploads\/2024\/03\/Jesus-Zavaleta-1024x563.jpg\" alt=\"\" class=\"wp-image-5498\" style=\"width:431px;height:auto\" srcset=\"http:\/\/www.maseual.com.mx\/web\/wp-content\/uploads\/2024\/03\/Jesus-Zavaleta-1024x563.jpg 1024w, http:\/\/www.maseual.com.mx\/web\/wp-content\/uploads\/2024\/03\/Jesus-Zavaleta-300x165.jpg 300w, http:\/\/www.maseual.com.mx\/web\/wp-content\/uploads\/2024\/03\/Jesus-Zavaleta-768x422.jpg 768w, http:\/\/www.maseual.com.mx\/web\/wp-content\/uploads\/2024\/03\/Jesus-Zavaleta.jpg 1135w\" sizes=\"auto, (max-width: 1024px) 100vw, 1024px\" \/><\/figure>\n\n\n\n<p><br>Afirm\u00f3 que pensar en una historia cr\u00edtica es fundamental, por lo que todo lo contario el hacer de la historia una narraci\u00f3n rom\u00e1ntica lleva a falsear la realidad hist\u00f3rica, por lo que plantea que a los llamados h\u00e9roes de la historia \u201cdebemos de bajarlos de su pedestal y ubicarlos en su naturaleza humana, quitarles esa naturaleza bronc\u00ednea y entonces s\u00ed se puede dimensionar de mejor manera lo que aportaron\u2026 en la historia de nuestro lugar\u2026\u201d.<br>Seg\u00fan el criterio de Zavaleta Castro, a Ju\u00e1rez \u201cse le ha encumbrado demasiado\u201d y se le puede dimensionar cuando lo ubican desde una dimensi\u00f3n humana que lleva a entender que cometi\u00f3 errores graves, \u201cpero tambi\u00e9n tuvo enormes aciertos\u201d.<br>Agreg\u00f3 que 14 a\u00f1os y seis meses como presidente de M\u00e9xico, \u201cpoco se dice de Ju\u00e1rez\u201d y tampoco se habla de sus pasiones, como el que era muy an\u00edmico y confrontaba f\u00e1cilmente, un hombre que represent\u00f3 una corriente de pensamiento y uno de tantos hombres de la misma \u00e9poca que construyeron una idea de naci\u00f3n.<br>\u201cIgualmente vale decir \u2014subray\u00f3\u2014 nos han ense\u00f1ado equivocadamente que la realidad pol\u00edtica de nuestro pa\u00eds se divide entre liberales y conservadores y que los buenos son los liberales y los malos son los conservadores, mentira completa, no es as\u00ed. Unos como otros quer\u00edan construir una naci\u00f3n con perspectivas diferentes, con objetivos diferentes y en esta dimensi\u00f3n de confrontaci\u00f3n, debemos tambi\u00e9n entender que al haber ganado un movimiento reconocido como liberal tuvo un inicio que fue el Plan de Ayutla\u2026 hay momentos que vinculan al presidente Ju\u00e1rez con Morelos y con Jojutla, uno de ellos\u2026\u201d cuando Ju\u00e1rez atendi\u00f3 a los jojutlenses que buscando recuperar unas tierras que eran del Barrio de Tetecalita los asesor\u00f3 por instrucciones del presidente \u00c1lvarez, para recuperar estas tierras a favor del pueblo de Jojutla, un encuentro que se da en t\u00e9rminos hist\u00f3ricos, pero tambi\u00e9n en t\u00e9rminos an\u00edmicos de Ju\u00e1rez con los jojutlenses.<br>En m\u00e1s, mencion\u00f3 un momento de vinculaci\u00f3n de Ju\u00e1rez y la entidad morelense, \u201ccuando firm\u00f3 el decreto que un d\u00eda antes hab\u00eda aprobado el Congreso de la Uni\u00f3n; el viernes 16 de abril de 1869, el Congreso\u2026 aprob\u00f3 el decreto que creaba la entidad que tendr\u00eda por nombre Morelos. Al d\u00eda siguiente\u2026 Ju\u00e1rez firm\u00f3 el decreto para hacer efectivo en el diario oficial del Gobierno Supremo de la Rep\u00fablica, lo que sucedi\u00f3 el martes 20 de abril\u2026\u201d.<br>Expres\u00f3 que la frase m\u00e1s destacada de Ju\u00e1rez: \u201cEntre los individuos como entre las naciones, el respeto al derecho ajeno es la paz\u201d, escrita por el citado el 15 de julio de 1867 cuando entr\u00f3 triunfalmente a la ciudad de M\u00e9xico, sin embargo, para entender la historia se tiene que entender los contextos y en este sentido lo importante es que gracias al triunfo del general Porfirio D\u00edaz Mori, en la batalla del 2 de abril de 1867 en Puebla, Ju\u00e1rez pudo entrar a la ciudad de M\u00e9xico y pudo decir ese discurso que se public\u00f3 al siguiente d\u00eda en el monitor republicano el martes 16 de junio de 1867 y vale la pena leer completo el discurso. \u201cEn esta pl\u00e9yade de personajes encontramos a Melchor Ocampo, Ignacio Manuel Altamirano, una serie de periodistas, legisladores, abogados, m\u00e9dicos, profesionistas de todo tipo, comerciantes como Comonfort, todo ellos construyeron esa realidad\u2026 y Ju\u00e1rez fue uno de esos grandes actores, un elemento fundamental al haber dirigido al pa\u00eds casi cinco lustros y que nos permiti\u00f3 dimensionar esta otra visi\u00f3n que se ten\u00eda a mediados del siglo XIX del pa\u00eds que se quer\u00eda\u201d.<br>Finalmente record\u00f3 que en octubre de 1981, estuvo a unos metros del lugar, en la hoy ex estaci\u00f3n el ferrocarril, el general Carlos Pacheco Villalobos, que si bien fue porfirista, fue el segundo gobernador de Morelos y uno de los grandes impulsores del ferrocarril, quien fue de los que contribuyeron al triunfo liberal que permiti\u00f3 que Ju\u00e1rez entrara a la Ciudad de M\u00e9xico y dijo una frase emblem\u00e1tica, porque en aquella batalla Pacheco perdi\u00f3 un brazo, una pierna y un ojo, y al llegar a Jojutla, saludando a los presentes les dijo: \u201ca mis amigos ofrezco el brazo que me queda, el otro, hace tiempo que lo di por la independencia de mi patria\u201d.<\/p>\n\n\n\n<p><strong>\u2026 un hombre de todos los tiempos<br><\/strong>De su lado, Jos\u00e9 Nahuel Merino Crespo, representante de la logia simb\u00f3lica \u201cLa Gran Obra\u201d, resalt\u00f3 que Ju\u00e1rez es un hombre de todos los tiempos y de todas las generaciones, un ejemplo, con quien nace el estado de derecho mexicano, la leyes e instituciones que norman mucha de la vida actual que se llevan en M\u00e9xico, el laicismo, la soberan\u00eda, una de las figuras m\u00e1s reconocidas en la historia de M\u00e9xico y s\u00edmbolo de unidad nacional, \u201c\u2026que viva Ju\u00e1rez, que viva la fraternidad universal y que viva M\u00e9xico\u201d.<\/p>\n\n\n\n<figure class=\"wp-block-image size-full is-resized\"><img loading=\"lazy\" decoding=\"async\" width=\"843\" height=\"457\" src=\"http:\/\/www.maseual.com.mx\/web\/wp-content\/uploads\/2024\/03\/Jose-Nahuel-Merino-Crespo.jpg\" alt=\"\" class=\"wp-image-5499\" style=\"width:429px;height:auto\" srcset=\"http:\/\/www.maseual.com.mx\/web\/wp-content\/uploads\/2024\/03\/Jose-Nahuel-Merino-Crespo.jpg 843w, http:\/\/www.maseual.com.mx\/web\/wp-content\/uploads\/2024\/03\/Jose-Nahuel-Merino-Crespo-300x163.jpg 300w, http:\/\/www.maseual.com.mx\/web\/wp-content\/uploads\/2024\/03\/Jose-Nahuel-Merino-Crespo-768x416.jpg 768w\" sizes=\"auto, (max-width: 843px) 100vw, 843px\" \/><\/figure>\n\n\n\n<p><br>Finalmente, el presidente municipal, Alan Mart\u00ednez, reconoci\u00f3 los mensajes de los invitados e hizo un llamado a todos los habitantes del municipio, para buscar siempre la forma de superarse, \u201cpongo el ejemplo claro del compa\u00f1ero Benito Ju\u00e1rez, un joven ind\u00edgena, nacido en una cuna muy pobre que no ten\u00eda ninguna condici\u00f3n apta para poder salir adelante, sin embargo, lo hizo y a gran escala, un digno representante de M\u00e9xico en todo el mundo\u2026 tomemos ese ejemplo\u201d.<br>Ya en entrevista, resalt\u00f3 la organizaci\u00f3n oficial de las \u201cFiestas de Ju\u00e1rez\u201d que ayer presentar\u00edan la \u201cCalenda de Oaxaca y La Guelaguetza en la Plaza de la Soberana Convenci\u00f3n Revolucionaria, centro de Jojutla<\/p>\n","protected":false},"excerpt":{"rendered":"<p>Por HUGO BARBERI RICO \/ MASEUAL Jojutla de Ju\u00e1rez, Morelos, M\u00e9xico, 22 de marzo de&#8230;<\/p>\n","protected":false},"author":3,"featured_media":5494,"comment_status":"open","ping_status":"open","sticky":false,"template":"","format":"standard","meta":{"footnotes":""},"categories":[34],"tags":[],"class_list":["post-5493","post","type-post","status-publish","format-standard","has-post-thumbnail","hentry","category-noticias"],"featured_image_urls":{"full":["http:\/\/www.maseual.com.mx\/web\/wp-content\/uploads\/2024\/03\/Juarez.jpg",828,1280,false],"thumbnail":["http:\/\/www.maseual.com.mx\/web\/wp-content\/uploads\/2024\/03\/Juarez-150x150.jpg",150,150,true],"medium":["http:\/\/www.maseual.com.mx\/web\/wp-content\/uploads\/2024\/03\/Juarez-194x300.jpg",194,300,true],"medium_large":["http:\/\/www.maseual.com.mx\/web\/wp-content\/uploads\/2024\/03\/Juarez-768x1187.jpg",640,989,true],"large":["http:\/\/www.maseual.com.mx\/web\/wp-content\/uploads\/2024\/03\/Juarez-662x1024.jpg",640,990,true],"1536x1536":["http:\/\/www.maseual.com.mx\/web\/wp-content\/uploads\/2024\/03\/Juarez.jpg",828,1280,false],"2048x2048":["http:\/\/www.maseual.com.mx\/web\/wp-content\/uploads\/2024\/03\/Juarez.jpg",828,1280,false],"newsever-slider-full":["http:\/\/www.maseual.com.mx\/web\/wp-content\/uploads\/2024\/03\/Juarez-828x845.jpg",828,845,true],"newsever-featured":["http:\/\/www.maseual.com.mx\/web\/wp-content\/uploads\/2024\/03\/Juarez.jpg",828,1280,false],"newsever-medium":["http:\/\/www.maseual.com.mx\/web\/wp-content\/uploads\/2024\/03\/Juarez-720x475.jpg",720,475,true]},"author_info":{"display_name":"Hugo Barberi Rico","author_link":"http:\/\/www.maseual.com.mx\/web\/author\/maseual\/"},"category_info":"<a href=\"http:\/\/www.maseual.com.mx\/web\/category\/noticias\/\" rel=\"category tag\">Noticias<\/a>","tag_info":"Noticias","comment_count":"0","_links":{"self":[{"href":"http:\/\/www.maseual.com.mx\/web\/wp-json\/wp\/v2\/posts\/5493","targetHints":{"allow":["GET"]}}],"collection":[{"href":"http:\/\/www.maseual.com.mx\/web\/wp-json\/wp\/v2\/posts"}],"about":[{"href":"http:\/\/www.maseual.com.mx\/web\/wp-json\/wp\/v2\/types\/post"}],"author":[{"embeddable":true,"href":"http:\/\/www.maseual.com.mx\/web\/wp-json\/wp\/v2\/users\/3"}],"replies":[{"embeddable":true,"href":"http:\/\/www.maseual.com.mx\/web\/wp-json\/wp\/v2\/comments?post=5493"}],"version-history":[{"count":1,"href":"http:\/\/www.maseual.com.mx\/web\/wp-json\/wp\/v2\/posts\/5493\/revisions"}],"predecessor-version":[{"id":5501,"href":"http:\/\/www.maseual.com.mx\/web\/wp-json\/wp\/v2\/posts\/5493\/revisions\/5501"}],"wp:featuredmedia":[{"embeddable":true,"href":"http:\/\/www.maseual.com.mx\/web\/wp-json\/wp\/v2\/media\/5494"}],"wp:attachment":[{"href":"http:\/\/www.maseual.com.mx\/web\/wp-json\/wp\/v2\/media?parent=5493"}],"wp:term":[{"taxonomy":"category","embeddable":true,"href":"http:\/\/www.maseual.com.mx\/web\/wp-json\/wp\/v2\/categories?post=5493"},{"taxonomy":"post_tag","embeddable":true,"href":"http:\/\/www.maseual.com.mx\/web\/wp-json\/wp\/v2\/tags?post=5493"}],"curies":[{"name":"wp","href":"https:\/\/api.w.org\/{rel}","templated":true}]}}