{"id":5505,"date":"2024-03-25T14:04:58","date_gmt":"2024-03-25T14:04:58","guid":{"rendered":"https:\/\/www.maseual.com.mx\/web\/?p=5505"},"modified":"2024-03-25T14:05:06","modified_gmt":"2024-03-25T14:05:06","slug":"alerta-roja-de-onu-por-cambio-climatico","status":"publish","type":"post","link":"http:\/\/www.maseual.com.mx\/web\/2024\/03\/25\/alerta-roja-de-onu-por-cambio-climatico\/","title":{"rendered":"ALERTA ROJA DE ONU POR CAMBIO CLIM\u00c1TICO"},"content":{"rendered":"\n<p>Por ALEJANDRO C\u00c1RDENAS SAN ANTONIO \/ MASEUAL<br>\u2022 No es el panfletismo ma\u00f1anero, ni la f\u00e1bula electoral.<\/p>\n\n\n\n<p>Cuernavaca, Morelos, M\u00e9xico, 25 de marzo de 2024.- <strong>Afirma la ONU que estamos tocando el punto de no retorno para que el planeta se adentre en una cat\u00e1strofe clim\u00e1tica irreversible: \u201c\u2026una vez m\u00e1s -afirma- se han batido r\u00e9cords con respecto a los niveles de gases de efecto invernadero, las temperaturas en superficie, el calor y la acidificaci\u00f3n de los oc\u00e9anos, el aumento de nivel del mar, la capa de hielo marino de la Ant\u00e1rtida y el retroceso de los glaciares.\u201d<\/strong><\/p>\n\n\n\n<p><strong>Hace un par de d\u00edas, la Organizaci\u00f3n Meteorol\u00f3gica Mundial OMM, dependiente de la Organizaci\u00f3n de Naciones Unidas ONU, emiti\u00f3 una alerta roja -literal- al dar a conocer que: \u201cLa crisis clim\u00e1tica es el reto definitorio al que se enfrenta la humanidad, -afirma que- est\u00e1 estrechamente entrelazada con la crisis de desigualdad, como atestiguan la creciente inseguridad alimentaria y el desplazamiento de la poblaci\u00f3n, as\u00ed como la p\u00e9rdida de biodiversidad -y agrega- que las condiciones meteorol\u00f3gicas y clim\u00e1ticas extremas, son consideradas como la causa fundamental o el factor agravante que desencaden\u00f3 desplazamientos, inseguridad alimentaria, p\u00e9rdida de biodiversidad y problemas de salud en el a\u00f1o 2023.\u201d<\/strong><\/p>\n\n\n\n<p><strong>La Secretaria General de la Organizaci\u00f3n Meteorol\u00f3gica Mundial, Celeste Saulo, dijo: &#8220;Nunca hemos estado tan cerca, aunque de momento de forma temporal, del l\u00edmite inferior de 1,5 grados Celsius, del Acuerdo de Par\u00eds sobre el cambio clim\u00e1tico&#8221;, y afirm\u00f3: &#8220;La comunidad de la OMM est\u00e1 haciendo sonar la Alerta Roja en el mundo&#8221;.<\/strong><\/p>\n\n\n\n<p><strong>Decirlo y saberlo en este momento, no es broma, no es el panfletismo ma\u00f1anero, no es la f\u00e1bula electoral, el thriller en televisi\u00f3n de paga y menos la saga de ciencia ficci\u00f3n; la temperatura mundial subi\u00f3 a 1.45, grados Celsius y estamos en camino de llegar a 1.50, grados Celsius, lo que significa y afirman los cient\u00edficos clim\u00e1ticos de la ONU, que es el punto de no retorno para una cat\u00e1strofe clim\u00e1tica irreversible.<\/strong><\/p>\n\n\n\n<p><strong>Seg\u00fan el informe de la Organizaci\u00f3n Meteorol\u00f3gica Mundial, dependiente de la ONU en un d\u00eda normal de 2023, casi un tercio de la superficie oce\u00e1nica se vio atenazada por una ola de calor marino, lo que perjudic\u00f3 a ecosistemas vitales y sistemas alimentarios, los glaciares observados sufrieron la mayor p\u00e9rdida de hielo registrada desde 1950, con un deshielo extremo tanto en el oeste de Norteam\u00e9rica como en Europa, los casquetes alpinos experimentaron una temporada de deshielo extremo, y los de Suiza perdieron alrededor del 10% del volumen que les quedaba en los dos \u00faltimos a\u00f1os y agrega que la p\u00e9rdida de hielo marino ant\u00e1rtico fue, con mucho, la m\u00e1s baja de la que se tiene constancia, con un mill\u00f3n de kil\u00f3metros cuadrados menos que el a\u00f1o r\u00e9cord anterior, lo que equivale al tama\u00f1o de Francia y Alemania juntas. As\u00ed mismo, las concentraciones observadas de los tres principales gases de efecto invernadero (di\u00f3xido de carbono, metano y \u00f3xido nitroso) alcanzaron niveles r\u00e9cord en 2022 y siguieron aumentando en 2023, seg\u00fan los datos preliminares. Esto demuestra que los esfuerzos mundiales para bajar la temperatura de la tierra no son suficientes y debemos recordar que esto comenz\u00f3 con la industrializaci\u00f3n mundial en el siglo XIX.<\/strong><\/p>\n\n\n\n<p><strong>En el caso de M\u00e9xico, se tiene registrado que nuestro pa\u00eds no ha fijado un plan para eliminar gradualmente el uso de los combustibles f\u00f3siles y que las acciones para descarbonizar el sector el\u00e9ctrico son insuficientes y debido a ello, est\u00e1 entre los pa\u00edses de bajo desempe\u00f1o frente al cambio clim\u00e1tico y un ejemplo claro es que en 2023, el pa\u00eds descendi\u00f3 siete posiciones en relaci\u00f3n con 2022 al ocupar el puesto 38, de acuerdo con el \u00cdndice de Desempe\u00f1o frente al Cambio Clim\u00e1tico 2023 (CCPI por su sigla en ingl\u00e9s).<\/strong><\/p>\n\n\n\n<p><strong>Los especialistas en cambio clim\u00e1tico han recomendado particularmente a nuestro pa\u00eds que desarrolle un marco pol\u00edtico m\u00e1s s\u00f3lido para reducir progresivamente el petr\u00f3leo y el gas, implemente un plan de transici\u00f3n energ\u00e9tica justa hacia energ\u00edas renovables (como la solar y la e\u00f3lica), adem\u00e1s de acelerar una expansi\u00f3n del transporte p\u00fablico electrificado y de los trenes de pasajeros, as\u00ed como establecer pol\u00edticas para detener la deforestaci\u00f3n.<\/strong><\/p>\n\n\n\n<p><strong>A nivel global, de acuerdo a la ONU, 2023 fue el a\u00f1o m\u00e1s caluroso desde hace 174 a\u00f1os y los valores observados para el conjunto de los indicadores principales, han hecho saltar todas las alarmas. Algunos de ellos no solo baten r\u00e9cords, registran magnitudes inauditas y los cambios no dejan de acelerarse.<\/strong><\/p>\n\n\n\n<p><strong>Los fen\u00f3menos meteorol\u00f3gicos y clim\u00e1ticos extremos tuvieron repercusiones socioecon\u00f3micas graves en todos los continentes habitados. Entre ellos cabe mencionar episodios graves de crecidas, ciclones tropicales, calor extremo y sequ\u00eda, y los incendios forestales asociados.<\/strong><\/p>\n\n\n\n<p><strong>El calor extremo afect\u00f3 a muchas partes del mundo. Algunos de los episodios m\u00e1s importantes se produjeron en el sur de Europa y el norte de \u00c1frica, especialmente durante la segunda quincena de julio. En Italia se alcanzaron 48\u00b0Celsius, y se registraron m\u00e1ximos hist\u00f3ricos en T\u00fanez de 49\u00b0Celsius, en Agadir, Marruecos, 50\u00b0Celsius y Argel, en Argelia, 49\u00b0Celsius.<\/strong><\/p>\n\n\n\n<p><strong>En Canad\u00e1, la temporada de incendios forestales fue la peor desde que hay registros. La superficie total quemada en ese pa\u00eds durante el a\u00f1o 2023 fue de 14,9 millones de hect\u00e1reas y enfocando particularmente a M\u00e9xico, la alerta roja de la ONU se pudo constatar el 24 de octubre, cuando el hurac\u00e1n Otis azot\u00f3 el puerto de Acapulco y alcanz\u00f3 la categor\u00eda m\u00e1xima de 5 en cuesti\u00f3n de horas, siendo una de las tasas de intensificaci\u00f3n m\u00e1s r\u00e1pidas de la era satelital.<\/strong><\/p>\n\n\n\n<p><strong>No es broma, no es el panfletismo ma\u00f1anero, no es la f\u00e1bula electoral. A nivel global, tenemos ya pocos a\u00f1os para enfriar el planeta, de lo contrario, alcanzaremos el punto de no retorno para una cat\u00e1strofe clim\u00e1tica irreversible.<\/strong><\/p>\n","protected":false},"excerpt":{"rendered":"<p>Por ALEJANDRO C\u00c1RDENAS SAN ANTONIO \/ MASEUAL\u2022 No es el panfletismo ma\u00f1anero, ni la f\u00e1bula&#8230;<\/p>\n","protected":false},"author":3,"featured_media":5506,"comment_status":"open","ping_status":"open","sticky":false,"template":"","format":"standard","meta":{"footnotes":""},"categories":[31],"tags":[],"class_list":["post-5505","post","type-post","status-publish","format-standard","has-post-thumbnail","hentry","category-opinion"],"featured_image_urls":{"full":["http:\/\/www.maseual.com.mx\/web\/wp-content\/uploads\/2024\/03\/Temperaura-maxima-platena.jpg",689,426,false],"thumbnail":["http:\/\/www.maseual.com.mx\/web\/wp-content\/uploads\/2024\/03\/Temperaura-maxima-platena-150x150.jpg",150,150,true],"medium":["http:\/\/www.maseual.com.mx\/web\/wp-content\/uploads\/2024\/03\/Temperaura-maxima-platena-300x185.jpg",300,185,true],"medium_large":["http:\/\/www.maseual.com.mx\/web\/wp-content\/uploads\/2024\/03\/Temperaura-maxima-platena.jpg",640,396,false],"large":["http:\/\/www.maseual.com.mx\/web\/wp-content\/uploads\/2024\/03\/Temperaura-maxima-platena.jpg",640,396,false],"1536x1536":["http:\/\/www.maseual.com.mx\/web\/wp-content\/uploads\/2024\/03\/Temperaura-maxima-platena.jpg",689,426,false],"2048x2048":["http:\/\/www.maseual.com.mx\/web\/wp-content\/uploads\/2024\/03\/Temperaura-maxima-platena.jpg",689,426,false],"newsever-slider-full":["http:\/\/www.maseual.com.mx\/web\/wp-content\/uploads\/2024\/03\/Temperaura-maxima-platena.jpg",689,426,false],"newsever-featured":["http:\/\/www.maseual.com.mx\/web\/wp-content\/uploads\/2024\/03\/Temperaura-maxima-platena.jpg",689,426,false],"newsever-medium":["http:\/\/www.maseual.com.mx\/web\/wp-content\/uploads\/2024\/03\/Temperaura-maxima-platena.jpg",689,426,false]},"author_info":{"display_name":"Hugo Barberi Rico","author_link":"http:\/\/www.maseual.com.mx\/web\/author\/maseual\/"},"category_info":"<a href=\"http:\/\/www.maseual.com.mx\/web\/category\/opinion\/\" rel=\"category tag\">Opini\u00f3n<\/a>","tag_info":"Opini\u00f3n","comment_count":"0","_links":{"self":[{"href":"http:\/\/www.maseual.com.mx\/web\/wp-json\/wp\/v2\/posts\/5505","targetHints":{"allow":["GET"]}}],"collection":[{"href":"http:\/\/www.maseual.com.mx\/web\/wp-json\/wp\/v2\/posts"}],"about":[{"href":"http:\/\/www.maseual.com.mx\/web\/wp-json\/wp\/v2\/types\/post"}],"author":[{"embeddable":true,"href":"http:\/\/www.maseual.com.mx\/web\/wp-json\/wp\/v2\/users\/3"}],"replies":[{"embeddable":true,"href":"http:\/\/www.maseual.com.mx\/web\/wp-json\/wp\/v2\/comments?post=5505"}],"version-history":[{"count":1,"href":"http:\/\/www.maseual.com.mx\/web\/wp-json\/wp\/v2\/posts\/5505\/revisions"}],"predecessor-version":[{"id":5507,"href":"http:\/\/www.maseual.com.mx\/web\/wp-json\/wp\/v2\/posts\/5505\/revisions\/5507"}],"wp:featuredmedia":[{"embeddable":true,"href":"http:\/\/www.maseual.com.mx\/web\/wp-json\/wp\/v2\/media\/5506"}],"wp:attachment":[{"href":"http:\/\/www.maseual.com.mx\/web\/wp-json\/wp\/v2\/media?parent=5505"}],"wp:term":[{"taxonomy":"category","embeddable":true,"href":"http:\/\/www.maseual.com.mx\/web\/wp-json\/wp\/v2\/categories?post=5505"},{"taxonomy":"post_tag","embeddable":true,"href":"http:\/\/www.maseual.com.mx\/web\/wp-json\/wp\/v2\/tags?post=5505"}],"curies":[{"name":"wp","href":"https:\/\/api.w.org\/{rel}","templated":true}]}}