{"id":5539,"date":"2024-03-28T14:08:48","date_gmt":"2024-03-28T14:08:48","guid":{"rendered":"https:\/\/www.maseual.com.mx\/web\/?p=5539"},"modified":"2024-03-28T14:49:30","modified_gmt":"2024-03-28T14:49:30","slug":"decadencia-economica-en-jojutla-por-disposiciones-de-transito","status":"publish","type":"post","link":"http:\/\/www.maseual.com.mx\/web\/2024\/03\/28\/decadencia-economica-en-jojutla-por-disposiciones-de-transito\/","title":{"rendered":"DECADENCIA ECON\u00d3MICA EN SECTORES DE JOJUTLA, POR DISPOSICIONES DE TR\u00c1NSITO"},"content":{"rendered":"\n<p>Por HUGO BARBERI RICO \/ MASEUAL<\/p>\n\n\n\n<p>Jojutla, Morelos, M\u00e9xico, 28 de marzo de 2024.- Alrededor de nueve a\u00f1os, se ha mantenido con dificultades econ\u00f3micas el comercio de Jojutla, ya que la ganancias obtenidas en periodos vacacionales tuvieron un desplome de un 50 a un 70 por ciento a partir del periodo de gobierno de Alfonso de Jes\u00fas Sotelo Mart\u00ednez (2016-2018), debido a que impidi\u00f3 que los camiones de turismo pasaran por el centro, donde los turistas bajaban para realizar sus compras en el centro, \u201cahora los desv\u00edan y todo el turismo ya consume directamete en los balnearios\u201d, lament\u00f3 Enrique Alfredo Landa Rom\u00e1n, dirigente de los comerciantes del mercado muncipal \u201cBenito Ju\u00e1rez\u201d.<br>\u201cAl desviar al turismo afectaron aqu\u00ed a los tres mercados a donde rueda el peso\u201d, coment\u00f3 el tambi\u00e9n tablajero del centro comercial con m\u00e1s visitantes de la regi\u00f3n sur de la entidad.<\/p>\n\n\n\n<figure class=\"wp-block-image size-large is-resized\"><img loading=\"lazy\" decoding=\"async\" width=\"1024\" height=\"768\" src=\"https:\/\/www.maseual.com.mx\/web\/wp-content\/uploads\/2024\/03\/Verduleria-mercado-BJ-1024x768.jpg\" alt=\"\" class=\"wp-image-5541\" style=\"width:419px;height:auto\" srcset=\"http:\/\/www.maseual.com.mx\/web\/wp-content\/uploads\/2024\/03\/Verduleria-mercado-BJ-1024x768.jpg 1024w, http:\/\/www.maseual.com.mx\/web\/wp-content\/uploads\/2024\/03\/Verduleria-mercado-BJ-300x225.jpg 300w, http:\/\/www.maseual.com.mx\/web\/wp-content\/uploads\/2024\/03\/Verduleria-mercado-BJ-768x576.jpg 768w, http:\/\/www.maseual.com.mx\/web\/wp-content\/uploads\/2024\/03\/Verduleria-mercado-BJ-1536x1152.jpg 1536w, http:\/\/www.maseual.com.mx\/web\/wp-content\/uploads\/2024\/03\/Verduleria-mercado-BJ.jpg 1600w\" sizes=\"auto, (max-width: 1024px) 100vw, 1024px\" \/><\/figure>\n\n\n\n<p><br>Consider\u00f3 que es importante que las autoridades locales reconsideren el paso de los camiones al centro o por lo menos la conducci\u00f3n del turismo para que consuma en los tres mercados municipales ubicados uno al lado del otro en el centro jojutlense (el \u201cMargarita Maza de Ju\u00e1rez\u201d y el \u201cAntonio Riva Palacio L\u00f3pez\u201d, los otros dos). \u201cQue deje entrar al turismo; es importante el turismo para todos los comerciantes y todos los jojutlenses\u201d, consider\u00f3 el dirigente.<br>Otro de los problemas a que se enfrentan los comerciantes de los mercados municipales de la ciudad de Jojutla de Ju\u00e1rez, los establecidos en locales de las calles, tanto como los empresarios, es la falta de caminos en buenas condiciones en la regi\u00f3n, por lo que Landa Rom\u00e1n puso como ejemplo el camino para entrar a Jojutla desde el entronque de la Autopista Siglo XXI, \u201cest\u00e1 destrozado\u2026 dijeron que la iban a corregir y no la han corregido y es necesario\u2026 ya que lo tome en consideraci\u00f3n tanto los diputados, los Senadores y todos los que les corresponda, porque luego bajan los Senadores buscando el voto pero no piensan en la necesidad que tienen los jojutlenses o las personas de las localidades adheridas a este municipio o a esta ciudad\u201d.<\/p>\n\n\n\n<figure class=\"wp-block-image size-large is-resized\"><img loading=\"lazy\" decoding=\"async\" width=\"1024\" height=\"768\" src=\"https:\/\/www.maseual.com.mx\/web\/wp-content\/uploads\/2024\/03\/Verduleria-mercado-BJ1-1024x768.jpg\" alt=\"\" class=\"wp-image-5542\" style=\"width:438px;height:auto\" srcset=\"http:\/\/www.maseual.com.mx\/web\/wp-content\/uploads\/2024\/03\/Verduleria-mercado-BJ1-1024x768.jpg 1024w, http:\/\/www.maseual.com.mx\/web\/wp-content\/uploads\/2024\/03\/Verduleria-mercado-BJ1-300x225.jpg 300w, http:\/\/www.maseual.com.mx\/web\/wp-content\/uploads\/2024\/03\/Verduleria-mercado-BJ1-768x576.jpg 768w, http:\/\/www.maseual.com.mx\/web\/wp-content\/uploads\/2024\/03\/Verduleria-mercado-BJ1-1536x1152.jpg 1536w, http:\/\/www.maseual.com.mx\/web\/wp-content\/uploads\/2024\/03\/Verduleria-mercado-BJ1.jpg 1600w\" sizes=\"auto, (max-width: 1024px) 100vw, 1024px\" \/><\/figure>\n\n\n\n<p><br>Record\u00f3 que al pasar el turismo por el centro \u201cnos beneficiamos todos porque rueda el peso\u201d.<br>Es cuesti\u00f3n de trabajar y querer hacer las cosas correctamente, a\u00f1adi\u00f3 el l\u00edder entrevistado junto a su negocio, pues los agentes de tr\u00e1nsito pueden abrir un espacio para los visitantes, en d\u00edas o semanas espec\u00edficamente tur\u00edsticas, como la presente Semana Santa, \u201cellos podr\u00edan guiarlos para que puedan colocarlos en un espacio donde no afecten la circulaci\u00f3n\u201d.<br>Al cuestionarle que ya pasaron tantos a\u00f1os y por qu\u00e9 no les hacen caso en su demanda, Landa Rom\u00e1n, record\u00f3 que cuando el gobierno del hoy candidato a diputado impidi\u00f3 arbitrariamente que pasaran los camiones al centro, protestaron enseguida, pero el l\u00edder sufri\u00f3 un atentado contra su vida, fue baleado y estuvo en recuperaci\u00f3n, la uni\u00f3n de comerciantes entr\u00f3 en crisis y se apoder\u00f3 de la misma qui\u00e9n era el secretario de organizaci\u00f3n, Alejandro Avelar Morales, quien acept\u00f3 cualquier disposici\u00f3n gubernamental, aunque afectara los intereses de su gremio y de m\u00e1s organismos en la localidad.<br>Por ahora, retoma el tema y advirti\u00f3 que continuar\u00e1 con la demanda, porque no ha renunciado a su cargo y est\u00e1 en el entendido que sigue como dirigente.<\/p>\n\n\n\n<figure class=\"wp-block-image size-large is-resized\"><img loading=\"lazy\" decoding=\"async\" width=\"1024\" height=\"768\" src=\"https:\/\/www.maseual.com.mx\/web\/wp-content\/uploads\/2024\/03\/Verduleria-mercado-BJ2-1024x768.jpg\" alt=\"\" class=\"wp-image-5543\" style=\"width:425px;height:auto\" srcset=\"http:\/\/www.maseual.com.mx\/web\/wp-content\/uploads\/2024\/03\/Verduleria-mercado-BJ2-1024x768.jpg 1024w, http:\/\/www.maseual.com.mx\/web\/wp-content\/uploads\/2024\/03\/Verduleria-mercado-BJ2-300x225.jpg 300w, http:\/\/www.maseual.com.mx\/web\/wp-content\/uploads\/2024\/03\/Verduleria-mercado-BJ2-768x576.jpg 768w, http:\/\/www.maseual.com.mx\/web\/wp-content\/uploads\/2024\/03\/Verduleria-mercado-BJ2-1536x1152.jpg 1536w, http:\/\/www.maseual.com.mx\/web\/wp-content\/uploads\/2024\/03\/Verduleria-mercado-BJ2.jpg 1600w\" sizes=\"auto, (max-width: 1024px) 100vw, 1024px\" \/><\/figure>\n\n\n\n<p><br>Finalmente pidi\u00f3 el apoyo a las autoridades para que se fijen y hagan publicidad del comercio local, se necesita la promisi\u00f3n de Jojutla en espectaculares, para que visiten el centro, que hagan algo por Jojutla, porque ahora, en \u00e9poca electoral \u201cvienen aqu\u00ed y m te dan un beso en la mano, pero cuando est\u00e1n arriba te voltean la cara y son unos desgraciados\u201d y cit\u00f3 el caso de Marcelo Ebrard Casaub\u00f3n, Fidel Demedicis Hidalgo, Andr\u00e9s Eloy Mart\u00ednez Rojas, de quienes afirm\u00f3 los traicionaron en su momento en una lucha que emprendieron contra las autoridades hacendarias que pretendieron imponerles un gravamen durante el sexenio de Enrique Pe\u00f1a Nieto.<br>Por otro lado, inform\u00f3 que la vigilia ya no afecta al ramo de las carnicer\u00edas existentes en los mercados municipales \u201cBenito Ju\u00e1rez\u201d y \u201cMargarita Maza de Ju\u00e1rez\u201d, a partir de los mensajes cat\u00f3licos en el sentido de que se debe de cuidar \u201clo que sale de la boca y no lo que entra\u201d.<\/p>\n","protected":false},"excerpt":{"rendered":"<p>Por HUGO BARBERI RICO \/ MASEUAL Jojutla, Morelos, M\u00e9xico, 28 de marzo de 2024.- Alrededor&#8230;<\/p>\n","protected":false},"author":3,"featured_media":5540,"comment_status":"open","ping_status":"open","sticky":false,"template":"","format":"standard","meta":{"footnotes":""},"categories":[34],"tags":[],"class_list":["post-5539","post","type-post","status-publish","format-standard","has-post-thumbnail","hentry","category-noticias"],"featured_image_urls":{"full":["http:\/\/www.maseual.com.mx\/web\/wp-content\/uploads\/2024\/03\/Enrique-Alfredo-Lada-R.png",3084,1688,false],"thumbnail":["http:\/\/www.maseual.com.mx\/web\/wp-content\/uploads\/2024\/03\/Enrique-Alfredo-Lada-R-150x150.png",150,150,true],"medium":["http:\/\/www.maseual.com.mx\/web\/wp-content\/uploads\/2024\/03\/Enrique-Alfredo-Lada-R-300x164.png",300,164,true],"medium_large":["http:\/\/www.maseual.com.mx\/web\/wp-content\/uploads\/2024\/03\/Enrique-Alfredo-Lada-R-768x420.png",640,350,true],"large":["http:\/\/www.maseual.com.mx\/web\/wp-content\/uploads\/2024\/03\/Enrique-Alfredo-Lada-R-1024x560.png",640,350,true],"1536x1536":["http:\/\/www.maseual.com.mx\/web\/wp-content\/uploads\/2024\/03\/Enrique-Alfredo-Lada-R-1536x841.png",1536,841,true],"2048x2048":["http:\/\/www.maseual.com.mx\/web\/wp-content\/uploads\/2024\/03\/Enrique-Alfredo-Lada-R-2048x1121.png",2048,1121,true],"newsever-slider-full":["http:\/\/www.maseual.com.mx\/web\/wp-content\/uploads\/2024\/03\/Enrique-Alfredo-Lada-R-1280x845.png",1280,845,true],"newsever-featured":["http:\/\/www.maseual.com.mx\/web\/wp-content\/uploads\/2024\/03\/Enrique-Alfredo-Lada-R.png",1024,560,false],"newsever-medium":["http:\/\/www.maseual.com.mx\/web\/wp-content\/uploads\/2024\/03\/Enrique-Alfredo-Lada-R.png",720,394,false]},"author_info":{"display_name":"Hugo Barberi Rico","author_link":"http:\/\/www.maseual.com.mx\/web\/author\/maseual\/"},"category_info":"<a href=\"http:\/\/www.maseual.com.mx\/web\/category\/noticias\/\" rel=\"category tag\">Noticias<\/a>","tag_info":"Noticias","comment_count":"0","_links":{"self":[{"href":"http:\/\/www.maseual.com.mx\/web\/wp-json\/wp\/v2\/posts\/5539","targetHints":{"allow":["GET"]}}],"collection":[{"href":"http:\/\/www.maseual.com.mx\/web\/wp-json\/wp\/v2\/posts"}],"about":[{"href":"http:\/\/www.maseual.com.mx\/web\/wp-json\/wp\/v2\/types\/post"}],"author":[{"embeddable":true,"href":"http:\/\/www.maseual.com.mx\/web\/wp-json\/wp\/v2\/users\/3"}],"replies":[{"embeddable":true,"href":"http:\/\/www.maseual.com.mx\/web\/wp-json\/wp\/v2\/comments?post=5539"}],"version-history":[{"count":4,"href":"http:\/\/www.maseual.com.mx\/web\/wp-json\/wp\/v2\/posts\/5539\/revisions"}],"predecessor-version":[{"id":5550,"href":"http:\/\/www.maseual.com.mx\/web\/wp-json\/wp\/v2\/posts\/5539\/revisions\/5550"}],"wp:featuredmedia":[{"embeddable":true,"href":"http:\/\/www.maseual.com.mx\/web\/wp-json\/wp\/v2\/media\/5540"}],"wp:attachment":[{"href":"http:\/\/www.maseual.com.mx\/web\/wp-json\/wp\/v2\/media?parent=5539"}],"wp:term":[{"taxonomy":"category","embeddable":true,"href":"http:\/\/www.maseual.com.mx\/web\/wp-json\/wp\/v2\/categories?post=5539"},{"taxonomy":"post_tag","embeddable":true,"href":"http:\/\/www.maseual.com.mx\/web\/wp-json\/wp\/v2\/tags?post=5539"}],"curies":[{"name":"wp","href":"https:\/\/api.w.org\/{rel}","templated":true}]}}