{"id":5552,"date":"2024-03-31T04:52:23","date_gmt":"2024-03-31T04:52:23","guid":{"rendered":"http:\/\/www.maseual.com.mx\/web\/?p=5552"},"modified":"2024-03-31T04:52:29","modified_gmt":"2024-03-31T04:52:29","slug":"no-mas-de-8-elementos-de-jojutla-lograron-combatir-incendio-de-cerro","status":"publish","type":"post","link":"http:\/\/www.maseual.com.mx\/web\/2024\/03\/31\/no-mas-de-8-elementos-de-jojutla-lograron-combatir-incendio-de-cerro\/","title":{"rendered":"NO M\u00c1S DE 8 ELEMENTOS DE JOJUTLA LOGRARON COMBATIR INCENDIO DE CERRO"},"content":{"rendered":"\n<p>Por HUGO BARBERI RICO \/ MASEUAL<\/p>\n\n\n\n<p>Jojutla, Morelos, M\u00e9xico, 29 de marzo de 2024.- En dos d\u00edas, solos, ocho elementos de Protecci\u00f3n Civil y Bomberos de Jojutla, lograron combatir un incendio en un \u00e1rea superior al medio kil\u00f3metro que se apreciaba desde m\u00e1s de siete kil\u00f3metros de distancia, en el \u201cCerro Xoxotzin\u201d, el m\u00e1s alto en la regi\u00f3n sur del estado de Morelos.<br>Para el medio d\u00eda de este jueves, el director de la corporaci\u00f3n, Miguel \u00c1ngel Olvera Torres, confirm\u00f3 que pudieron sofocar, sin refuerzos, el incendio que se vio por dos d\u00edas en dicho cerro.<br>El directivo a\u00f1adi\u00f3 que el humo que se percibi\u00f3 por la noche, tras una nube de humo blanco que se distribuy\u00f3 s\u00e9ase las 18:00 horas del pasado mi\u00e9rcoles, a colonias y comunidades y centro de Jojutla y Zacatepec, se debi\u00f3 a otro incendio en parajes pertenecientes al municipio de Xoxocotla, en las faldas del Cerro del Venado, entre la comunidad de Chiver\u00edas y Las Alas, de Tequesquitengo, del \u00e1rea de Puente de Ixtla, Morelos, donde \u201chab\u00eda unos incendios muy grandes\u201d, precis\u00f3.<br>\u201cD\u00e9jenme decirles que a nivel nacional tenemos 120 incendios no controlados, tambi\u00e9n hay incendios que todav\u00eda no se pueden controlar, por eso invitamos a los ciudadanos a que nos ayuden evitando estas pr\u00e1cticas de quema y estamos para servirles en el tel\u00e9fono de emergencia 734 342 34 00\u201d, coment\u00f3.<br>Tras confirmar que concluyeron los trabajos en el \u201cCerro Xoxotzin\u201d, en cuyas faldas se ubica la colonia irregular Palo Grande, de Tlaquiltenango, as\u00ed como las colonias de Jojutla, L\u00e1zaro C\u00e1rdenas, Alta Vista, Pedro Amaro, Higuer\u00f3n, etc., sin embargo, se remov\u00edan los restos con tierra por si hubiese fuegos internos, a fin de lograr evitar que se prendiera nuevamente, pues hasta la ma\u00f1ana de este jueves aun se desped\u00eda humo en el lugar. Aunque no cuantific\u00f3 la extensi\u00f3n territorial que se quem\u00f3, el director consider\u00f3 que fue muy extensa y tuvieron rastros de que se hizo corta brecha, es decir, quisieron limpiar la zona.<br>Finalmente, coment\u00f3 que el mi\u00e9rcoles trabajaron intensamente para lograr apagarlo y consideraron que lo hab\u00edan logrado, pero al bajar del cerro casualmente el fuego revivi\u00f3, por lo que la ma\u00f1ana de hoy continuaron los trabajos y lo sofocaron.<\/p>\n","protected":false},"excerpt":{"rendered":"<p>Por HUGO BARBERI RICO \/ MASEUAL Jojutla, Morelos, M\u00e9xico, 29 de marzo de 2024.- En&#8230;<\/p>\n","protected":false},"author":3,"featured_media":5553,"comment_status":"open","ping_status":"open","sticky":false,"template":"","format":"standard","meta":{"footnotes":""},"categories":[34],"tags":[],"class_list":["post-5552","post","type-post","status-publish","format-standard","has-post-thumbnail","hentry","category-noticias"],"featured_image_urls":{"full":["http:\/\/www.maseual.com.mx\/web\/wp-content\/uploads\/2024\/03\/Incendio-cerro-Xoxotzin.jpg",1600,1052,false],"thumbnail":["http:\/\/www.maseual.com.mx\/web\/wp-content\/uploads\/2024\/03\/Incendio-cerro-Xoxotzin-150x150.jpg",150,150,true],"medium":["http:\/\/www.maseual.com.mx\/web\/wp-content\/uploads\/2024\/03\/Incendio-cerro-Xoxotzin-300x197.jpg",300,197,true],"medium_large":["http:\/\/www.maseual.com.mx\/web\/wp-content\/uploads\/2024\/03\/Incendio-cerro-Xoxotzin-768x505.jpg",640,421,true],"large":["http:\/\/www.maseual.com.mx\/web\/wp-content\/uploads\/2024\/03\/Incendio-cerro-Xoxotzin-1024x673.jpg",640,421,true],"1536x1536":["http:\/\/www.maseual.com.mx\/web\/wp-content\/uploads\/2024\/03\/Incendio-cerro-Xoxotzin-1536x1010.jpg",1536,1010,true],"2048x2048":["http:\/\/www.maseual.com.mx\/web\/wp-content\/uploads\/2024\/03\/Incendio-cerro-Xoxotzin.jpg",1600,1052,false],"newsever-slider-full":["http:\/\/www.maseual.com.mx\/web\/wp-content\/uploads\/2024\/03\/Incendio-cerro-Xoxotzin-1280x845.jpg",1280,845,true],"newsever-featured":["http:\/\/www.maseual.com.mx\/web\/wp-content\/uploads\/2024\/03\/Incendio-cerro-Xoxotzin-1024x673.jpg",1024,673,true],"newsever-medium":["http:\/\/www.maseual.com.mx\/web\/wp-content\/uploads\/2024\/03\/Incendio-cerro-Xoxotzin-720x475.jpg",720,475,true]},"author_info":{"display_name":"Hugo Barberi Rico","author_link":"http:\/\/www.maseual.com.mx\/web\/author\/maseual\/"},"category_info":"<a href=\"http:\/\/www.maseual.com.mx\/web\/category\/noticias\/\" rel=\"category tag\">Noticias<\/a>","tag_info":"Noticias","comment_count":"0","_links":{"self":[{"href":"http:\/\/www.maseual.com.mx\/web\/wp-json\/wp\/v2\/posts\/5552","targetHints":{"allow":["GET"]}}],"collection":[{"href":"http:\/\/www.maseual.com.mx\/web\/wp-json\/wp\/v2\/posts"}],"about":[{"href":"http:\/\/www.maseual.com.mx\/web\/wp-json\/wp\/v2\/types\/post"}],"author":[{"embeddable":true,"href":"http:\/\/www.maseual.com.mx\/web\/wp-json\/wp\/v2\/users\/3"}],"replies":[{"embeddable":true,"href":"http:\/\/www.maseual.com.mx\/web\/wp-json\/wp\/v2\/comments?post=5552"}],"version-history":[{"count":1,"href":"http:\/\/www.maseual.com.mx\/web\/wp-json\/wp\/v2\/posts\/5552\/revisions"}],"predecessor-version":[{"id":5554,"href":"http:\/\/www.maseual.com.mx\/web\/wp-json\/wp\/v2\/posts\/5552\/revisions\/5554"}],"wp:featuredmedia":[{"embeddable":true,"href":"http:\/\/www.maseual.com.mx\/web\/wp-json\/wp\/v2\/media\/5553"}],"wp:attachment":[{"href":"http:\/\/www.maseual.com.mx\/web\/wp-json\/wp\/v2\/media?parent=5552"}],"wp:term":[{"taxonomy":"category","embeddable":true,"href":"http:\/\/www.maseual.com.mx\/web\/wp-json\/wp\/v2\/categories?post=5552"},{"taxonomy":"post_tag","embeddable":true,"href":"http:\/\/www.maseual.com.mx\/web\/wp-json\/wp\/v2\/tags?post=5552"}],"curies":[{"name":"wp","href":"https:\/\/api.w.org\/{rel}","templated":true}]}}