{"id":6694,"date":"2024-08-15T14:02:56","date_gmt":"2024-08-15T14:02:56","guid":{"rendered":"http:\/\/www.maseual.com.mx\/web\/?p=6694"},"modified":"2024-08-19T14:15:31","modified_gmt":"2024-08-19T14:15:31","slug":"imputan-a-la-sindico-de-xochitepec-por-abusar-de-sus-funciones","status":"publish","type":"post","link":"http:\/\/www.maseual.com.mx\/web\/2024\/08\/15\/imputan-a-la-sindico-de-xochitepec-por-abusar-de-sus-funciones\/","title":{"rendered":"IMPUTAN A LA S\u00cdNDICO DE XOCHITEPEC POR ABUSAR DE SUS FUNCIONES"},"content":{"rendered":"\n<ul class=\"wp-block-list\">\n<li>* <strong>Fue denunciada por contratar a su pareja sentimental, siendo que lo prohibe la Ley Org\u00e1nica Municipal del Estado de Morelos<\/strong><\/li>\n<\/ul>\n\n\n\n<p class=\"wp-block-paragraph\">Informaci\u00f3n oficial<\/p>\n\n\n\n<p class=\"wp-block-paragraph\">Cuernavaca, Morelos, M\u00e9xico, 14 de agosto de 2024.- <em>La Fiscal\u00eda Anticorrupci\u00f3n de Morelos imput\u00f3 a la actual s\u00edndica municipal de Xochitepec por los delitos de Ejercicio Abusivo de Funciones y Abuso de Autoridad.<\/em><\/p>\n\n\n\n<p class=\"wp-block-paragraph\"><em>Este mi\u00e9rcoles 14 de agosto en la Ciudad Judicial a Atlacholoaya, derivado de la denuncia presentada por un trabajador municipal, Araceli (s\u00edndico municipal xochitepequense) fue imputada por los delitos antes mencionados.<\/em><\/p>\n\n\n\n<p class=\"wp-block-paragraph\"><em>Presuntamente, Araceli cometi\u00f3 una conducta delictiva al contratar a su pareja sentimental Ezequiel, ya que el art\u00edculo 40 fracci\u00f3n IX de la Ley Org\u00e1nica Municipal del Estado de Morelos, establece que no puede contratar o tener como proveedor a su c\u00f3nyuge, parientes consangu\u00edneos en l\u00ednea recta y parientes colaterales, exceptuando aquellas funciones de car\u00e1cter honor\u00edfico.<\/em><\/p>\n\n\n\n<p class=\"wp-block-paragraph\"><em>Sin embargo, en enero de 2022 autoriz\u00f3 la contrataci\u00f3n de su pareja sentimental Ezequiel, quien inicialmente labor\u00f3 como chofer adscrito al \u00e1rea de sindicatura desde el 1 de enero de 2022, y del primero de febrero al 15 de marzo del mismo a\u00f1o, su cargo cambi\u00f3 al de auxiliar administrativo, y a partir de la segunda quincena del mes de marzo del 2022, fue promovido al puesto de Auxiliar Especializado \u201cB\u201d.<\/em><\/p>\n\n\n\n<p class=\"wp-block-paragraph\"><em>Por lo que, derivado de su contrataci\u00f3n Ezequiel obtuvo beneficios econ\u00f3micos, ya que como Auxiliar Especializado B, se le paga quincenalmente la cantidad de 7 mil 500 pesos, generando que hasta el d\u00eda 31 de octubre de 2022, el servidor p\u00fablico se benefici\u00f3 indebidamente de 364 mil 748 pesos con 46 centavos.<\/em><\/p>\n\n\n\n<figure class=\"wp-block-image size-large\"><img loading=\"lazy\" decoding=\"async\" width=\"576\" height=\"1024\" src=\"http:\/\/www.maseual.com.mx\/web\/wp-content\/uploads\/2024\/08\/Historia-Yoly24_Mesa-de-trabajo-1-576x1024.jpg\" alt=\"\" class=\"wp-image-6631\" srcset=\"http:\/\/www.maseual.com.mx\/web\/wp-content\/uploads\/2024\/08\/Historia-Yoly24_Mesa-de-trabajo-1-576x1024.jpg 576w, http:\/\/www.maseual.com.mx\/web\/wp-content\/uploads\/2024\/08\/Historia-Yoly24_Mesa-de-trabajo-1-169x300.jpg 169w, http:\/\/www.maseual.com.mx\/web\/wp-content\/uploads\/2024\/08\/Historia-Yoly24_Mesa-de-trabajo-1-768x1365.jpg 768w, http:\/\/www.maseual.com.mx\/web\/wp-content\/uploads\/2024\/08\/Historia-Yoly24_Mesa-de-trabajo-1-864x1536.jpg 864w, http:\/\/www.maseual.com.mx\/web\/wp-content\/uploads\/2024\/08\/Historia-Yoly24_Mesa-de-trabajo-1-1152x2048.jpg 1152w, http:\/\/www.maseual.com.mx\/web\/wp-content\/uploads\/2024\/08\/Historia-Yoly24_Mesa-de-trabajo-1-1024x1820.jpg 1024w, http:\/\/www.maseual.com.mx\/web\/wp-content\/uploads\/2024\/08\/Historia-Yoly24_Mesa-de-trabajo-1-scaled.jpg 1440w\" sizes=\"auto, (max-width: 576px) 100vw, 576px\" \/><\/figure>\n\n\n\n<p class=\"wp-block-paragraph\"><em>Al ser part\u00edcipe de estos hechos en los que acept\u00f3 un cargo p\u00fablico sabiendo que la Ley lo prohib\u00eda y obtuvo un beneficio econ\u00f3mico, Ezequiel tambi\u00e9n fue imputado por Ejercicio Abusivo de Funciones y a solicitud de la Fiscal\u00eda Anticorrupci\u00f3n, el Juez suspendi\u00f3 temporalmente del cargo al servidor p\u00fablico.<\/em><\/p>\n\n\n\n<p class=\"wp-block-paragraph\"><em>En tanto, de acuerdo a la denuncia, Araceli tambi\u00e9n instruy\u00f3 al asesor jur\u00eddico bajo su mando, a realizar pr\u00e1cticas indebidas para que ella obtuviera beneficios econ\u00f3micos de los acuerdos de cabildo que se celebraban, dici\u00e9ndole que buscara la manera de anular su voto en diversos convenios con el prop\u00f3sito de presionar al municipio para obtener beneficios econ\u00f3micos.<\/em><\/p>\n\n\n\n<p class=\"wp-block-paragraph\"><em>Sin embargo, el asesor jur\u00eddico se neg\u00f3 a realizar dicha conducta il\u00edcita, por lo que Araceli lo presion\u00f3 modificando su horario, cambiando sus funciones y oblig\u00e1ndolo a que fuera a todos los eventos de inauguraciones de obras del Ayuntamiento, sin que fuera parte de las funciones que desempe\u00f1aba la v\u00edctima y en un horario diferente al laboral.<\/em><\/p>\n\n\n\n<p class=\"wp-block-paragraph\"><em>Ante los datos de prueba presentados por el agente del Ministerio P\u00fablico, la Fiscal\u00eda Anticorrupci\u00f3n solicit\u00f3 la separaci\u00f3n del cargo de Araceli, pero el Juez aludi\u00f3 a su origen ind\u00edgena y g\u00e9nero femenino, por lo que, como medida cautelar, \u00fanicamente se le prohibi\u00f3 acercarse a la v\u00edctima y a los testigos. Adem\u00e1s, se dieron 144 horas para la audiencia de vinculaci\u00f3n a proceso.<\/em><\/p>\n\n\n\n<p class=\"wp-block-paragraph\"><em>De acuerdo con el art\u00edculo 20 constitucional, toda persona imputada tiene derecho \u00abA que se presuma su inocencia mientras no se declare su responsabilidad mediante sentencia emitida por el juez de la causa\u00bb.<\/em><\/p>\n","protected":false},"excerpt":{"rendered":"<p>Informaci\u00f3n oficial Cuernavaca, Morelos, M\u00e9xico, 14 de agosto de 2024.- La Fiscal\u00eda Anticorrupci\u00f3n de Morelos&#8230;<\/p>\n","protected":false},"author":3,"featured_media":1272,"comment_status":"open","ping_status":"open","sticky":false,"template":"","format":"standard","meta":{"footnotes":""},"categories":[34],"tags":[],"class_list":["post-6694","post","type-post","status-publish","format-standard","has-post-thumbnail","hentry","category-noticias"],"featured_image_urls":{"full":["http:\/\/www.maseual.com.mx\/web\/wp-content\/uploads\/2022\/11\/Justicia.jpg",2507,1672,false],"thumbnail":["http:\/\/www.maseual.com.mx\/web\/wp-content\/uploads\/2022\/11\/Justicia-150x150.jpg",150,150,true],"medium":["http:\/\/www.maseual.com.mx\/web\/wp-content\/uploads\/2022\/11\/Justicia-300x200.jpg",300,200,true],"medium_large":["http:\/\/www.maseual.com.mx\/web\/wp-content\/uploads\/2022\/11\/Justicia-768x512.jpg",640,427,true],"large":["http:\/\/www.maseual.com.mx\/web\/wp-content\/uploads\/2022\/11\/Justicia-1024x683.jpg",640,427,true],"1536x1536":["http:\/\/www.maseual.com.mx\/web\/wp-content\/uploads\/2022\/11\/Justicia-1536x1024.jpg",1536,1024,true],"2048x2048":["http:\/\/www.maseual.com.mx\/web\/wp-content\/uploads\/2022\/11\/Justicia-2048x1366.jpg",2048,1366,true],"newsever-slider-full":["http:\/\/www.maseual.com.mx\/web\/wp-content\/uploads\/2022\/11\/Justicia-1280x845.jpg",1280,845,true],"newsever-featured":["http:\/\/www.maseual.com.mx\/web\/wp-content\/uploads\/2022\/11\/Justicia-1024x683.jpg",1024,683,true],"newsever-medium":["http:\/\/www.maseual.com.mx\/web\/wp-content\/uploads\/2022\/11\/Justicia-720x475.jpg",720,475,true]},"author_info":{"display_name":"Hugo Barberi Rico","author_link":"http:\/\/www.maseual.com.mx\/web\/author\/maseual\/"},"category_info":"<a href=\"http:\/\/www.maseual.com.mx\/web\/category\/noticias\/\" rel=\"category tag\">Noticias<\/a>","tag_info":"Noticias","comment_count":"0","_links":{"self":[{"href":"http:\/\/www.maseual.com.mx\/web\/wp-json\/wp\/v2\/posts\/6694","targetHints":{"allow":["GET"]}}],"collection":[{"href":"http:\/\/www.maseual.com.mx\/web\/wp-json\/wp\/v2\/posts"}],"about":[{"href":"http:\/\/www.maseual.com.mx\/web\/wp-json\/wp\/v2\/types\/post"}],"author":[{"embeddable":true,"href":"http:\/\/www.maseual.com.mx\/web\/wp-json\/wp\/v2\/users\/3"}],"replies":[{"embeddable":true,"href":"http:\/\/www.maseual.com.mx\/web\/wp-json\/wp\/v2\/comments?post=6694"}],"version-history":[{"count":2,"href":"http:\/\/www.maseual.com.mx\/web\/wp-json\/wp\/v2\/posts\/6694\/revisions"}],"predecessor-version":[{"id":6730,"href":"http:\/\/www.maseual.com.mx\/web\/wp-json\/wp\/v2\/posts\/6694\/revisions\/6730"}],"wp:featuredmedia":[{"embeddable":true,"href":"http:\/\/www.maseual.com.mx\/web\/wp-json\/wp\/v2\/media\/1272"}],"wp:attachment":[{"href":"http:\/\/www.maseual.com.mx\/web\/wp-json\/wp\/v2\/media?parent=6694"}],"wp:term":[{"taxonomy":"category","embeddable":true,"href":"http:\/\/www.maseual.com.mx\/web\/wp-json\/wp\/v2\/categories?post=6694"},{"taxonomy":"post_tag","embeddable":true,"href":"http:\/\/www.maseual.com.mx\/web\/wp-json\/wp\/v2\/tags?post=6694"}],"curies":[{"name":"wp","href":"https:\/\/api.w.org\/{rel}","templated":true}]}}