{"id":7174,"date":"2024-10-11T13:04:42","date_gmt":"2024-10-11T13:04:42","guid":{"rendered":"http:\/\/www.maseual.com.mx\/web\/?p=7174"},"modified":"2024-10-11T13:04:48","modified_gmt":"2024-10-11T13:04:48","slug":"listos-se-instalaran-mas-de-200-comerciantes-de-tradicion-del-dia-de-muertos-en-jojutla","status":"publish","type":"post","link":"http:\/\/www.maseual.com.mx\/web\/2024\/10\/11\/listos-se-instalaran-mas-de-200-comerciantes-de-tradicion-del-dia-de-muertos-en-jojutla\/","title":{"rendered":"Listos, se instalar\u00e1n m\u00e1s de 200 comerciantes de tradici\u00f3n del \u201cd\u00eda de muertos\u201d en Jojutla"},"content":{"rendered":"\n<p>Por HUGO BARBERI RICO \/ MASEUAL<\/p>\n\n\n\n<p>Jojutla, Morelos, M\u00e9xico, 11 de octubre de 2024.- Ser\u00e1n alrededor de 256 comerciantes de temporada que para esta ocasi\u00f3n con motivo de los \u201cD\u00edas de Muertos\u201d, se instalar\u00e1n el pr\u00f3ximo viernes 18 de los corrientes en las calles \u201cTierra y Libertad, \u201cFrancisco y Madero\u201d, \u201cAltarmirano\u201d y parte de \u201cJosefa Ortiz de Dom\u00ednguez\u201d, entre los dos mercados municipales, \u201cBenito Ju\u00e1rez\u201d y \u201cMargarita Maza de Ju\u00e1rez\u201d, el m\u00e1s grande asentamiento informal de comercio que se instala en la regi\u00f3n.<br>El dirigente de los comerciantes de temporada en Jojutla, Lu\u00eds Tlapa Gama, precis\u00f3 que se ofertar\u00e1n desde veladoras, barro, calabazas, flores, pan, inciensos, artesan\u00edas, etc.<br>Se trata de instalar durante la noche y madrugada del viernes 18 de octubre, para que amanezcan ya el siguiente d\u00eda colocados en la tambi\u00e9n zona m\u00e1s comercial de la regi\u00f3n sur del estado de Morelos, inform\u00f3 el l\u00edder.<\/p>\n\n\n\n<figure class=\"wp-block-image size-large\"><img loading=\"lazy\" decoding=\"async\" width=\"576\" height=\"1024\" src=\"http:\/\/www.maseual.com.mx\/web\/wp-content\/uploads\/2024\/08\/Historia-Yoly24_Mesa-de-trabajo-1-576x1024.jpg\" alt=\"\" class=\"wp-image-6631\" srcset=\"http:\/\/www.maseual.com.mx\/web\/wp-content\/uploads\/2024\/08\/Historia-Yoly24_Mesa-de-trabajo-1-576x1024.jpg 576w, http:\/\/www.maseual.com.mx\/web\/wp-content\/uploads\/2024\/08\/Historia-Yoly24_Mesa-de-trabajo-1-169x300.jpg 169w, http:\/\/www.maseual.com.mx\/web\/wp-content\/uploads\/2024\/08\/Historia-Yoly24_Mesa-de-trabajo-1-768x1365.jpg 768w, http:\/\/www.maseual.com.mx\/web\/wp-content\/uploads\/2024\/08\/Historia-Yoly24_Mesa-de-trabajo-1-864x1536.jpg 864w, http:\/\/www.maseual.com.mx\/web\/wp-content\/uploads\/2024\/08\/Historia-Yoly24_Mesa-de-trabajo-1-1152x2048.jpg 1152w, http:\/\/www.maseual.com.mx\/web\/wp-content\/uploads\/2024\/08\/Historia-Yoly24_Mesa-de-trabajo-1-1024x1820.jpg 1024w, http:\/\/www.maseual.com.mx\/web\/wp-content\/uploads\/2024\/08\/Historia-Yoly24_Mesa-de-trabajo-1-scaled.jpg 1440w\" sizes=\"auto, (max-width: 576px) 100vw, 576px\" \/><\/figure>\n\n\n\n<p><br>Para el 25 de octubre por la noche, espec\u00edficamente, se instalar\u00e1n en medio de la calle Altamirano, todos los que venden pan y flor de cempas\u00fachil, para quitarse conjuntamente con todos, el pr\u00f3ximo dos de noviembre.<br>Son fechas que garantizan \u201cbuenas ventas\u201d, luego de que se recuper\u00f3 la movilidad en mercados y panteones, como zonas de mayor acumulaci\u00f3n de personas, el caso de esas fechas tradicionales. En este sentido, Tlapa Gama, record\u00f3 que el a\u00f1o pasado fue una temporada que consideraron \u201cbuena\u201d, donde tambi\u00e9n le han comentado algunos vendedores de pan que ante cursos que han tomado en el ayuntamiento, les permiten crear su propio pan de dulce de \u201cmuerto\u201d para la temporada, otros ya cuentan con hornos que tambi\u00e9n obtuvieron con apoyo de la administraci\u00f3n municipal, \u201calgunos productores de flor ya ofertan directamente y eso le permite a la gente ganar un poquito m\u00e1s, porque anteriormente, compraban el pan para revenderlo y hoy en d\u00eda ya lo producen y, la verdad, ha tra\u00eddo mayor beneficio para todos ellos\u201d, coment\u00f3.<br>En cuanto a la venta de veladoras, el porcentaje de ventas se ha mantenido.<br>Invit\u00f3 a la ciudadan\u00eda para que consuman lo local y asistan al mercado de temporada que se instalar\u00e1 en las mencionadas calles del centro jojutlense, a donde llegan comerciantes de diferentes partes del estado, algunos incluso provienen del estado de Puebla, situaci\u00f3n que complementada con actividades culturales promovidas por el municipio, a raz\u00f3n de Lu\u00eds Tlapa, \u201ceso nos va a ayudar bastante\u201d.<\/p>\n","protected":false},"excerpt":{"rendered":"<p>Por HUGO BARBERI RICO \/ MASEUAL Jojutla, Morelos, M\u00e9xico, 11 de octubre de 2024.- Ser\u00e1n&#8230;<\/p>\n","protected":false},"author":3,"featured_media":4415,"comment_status":"open","ping_status":"open","sticky":false,"template":"","format":"standard","meta":{"footnotes":""},"categories":[34],"tags":[],"class_list":["post-7174","post","type-post","status-publish","format-standard","has-post-thumbnail","hentry","category-noticias"],"featured_image_urls":{"full":["http:\/\/www.maseual.com.mx\/web\/wp-content\/uploads\/2023\/11\/Pan-de-muerto2.jpg",828,459,false],"thumbnail":["http:\/\/www.maseual.com.mx\/web\/wp-content\/uploads\/2023\/11\/Pan-de-muerto2-150x150.jpg",150,150,true],"medium":["http:\/\/www.maseual.com.mx\/web\/wp-content\/uploads\/2023\/11\/Pan-de-muerto2-300x166.jpg",300,166,true],"medium_large":["http:\/\/www.maseual.com.mx\/web\/wp-content\/uploads\/2023\/11\/Pan-de-muerto2-768x426.jpg",640,355,true],"large":["http:\/\/www.maseual.com.mx\/web\/wp-content\/uploads\/2023\/11\/Pan-de-muerto2.jpg",640,355,false],"1536x1536":["http:\/\/www.maseual.com.mx\/web\/wp-content\/uploads\/2023\/11\/Pan-de-muerto2.jpg",828,459,false],"2048x2048":["http:\/\/www.maseual.com.mx\/web\/wp-content\/uploads\/2023\/11\/Pan-de-muerto2.jpg",828,459,false],"newsever-slider-full":["http:\/\/www.maseual.com.mx\/web\/wp-content\/uploads\/2023\/11\/Pan-de-muerto2.jpg",828,459,false],"newsever-featured":["http:\/\/www.maseual.com.mx\/web\/wp-content\/uploads\/2023\/11\/Pan-de-muerto2.jpg",828,459,false],"newsever-medium":["http:\/\/www.maseual.com.mx\/web\/wp-content\/uploads\/2023\/11\/Pan-de-muerto2-720x459.jpg",720,459,true]},"author_info":{"display_name":"Hugo Barberi Rico","author_link":"http:\/\/www.maseual.com.mx\/web\/author\/maseual\/"},"category_info":"<a href=\"http:\/\/www.maseual.com.mx\/web\/category\/noticias\/\" rel=\"category tag\">Noticias<\/a>","tag_info":"Noticias","comment_count":"0","_links":{"self":[{"href":"http:\/\/www.maseual.com.mx\/web\/wp-json\/wp\/v2\/posts\/7174","targetHints":{"allow":["GET"]}}],"collection":[{"href":"http:\/\/www.maseual.com.mx\/web\/wp-json\/wp\/v2\/posts"}],"about":[{"href":"http:\/\/www.maseual.com.mx\/web\/wp-json\/wp\/v2\/types\/post"}],"author":[{"embeddable":true,"href":"http:\/\/www.maseual.com.mx\/web\/wp-json\/wp\/v2\/users\/3"}],"replies":[{"embeddable":true,"href":"http:\/\/www.maseual.com.mx\/web\/wp-json\/wp\/v2\/comments?post=7174"}],"version-history":[{"count":1,"href":"http:\/\/www.maseual.com.mx\/web\/wp-json\/wp\/v2\/posts\/7174\/revisions"}],"predecessor-version":[{"id":7175,"href":"http:\/\/www.maseual.com.mx\/web\/wp-json\/wp\/v2\/posts\/7174\/revisions\/7175"}],"wp:featuredmedia":[{"embeddable":true,"href":"http:\/\/www.maseual.com.mx\/web\/wp-json\/wp\/v2\/media\/4415"}],"wp:attachment":[{"href":"http:\/\/www.maseual.com.mx\/web\/wp-json\/wp\/v2\/media?parent=7174"}],"wp:term":[{"taxonomy":"category","embeddable":true,"href":"http:\/\/www.maseual.com.mx\/web\/wp-json\/wp\/v2\/categories?post=7174"},{"taxonomy":"post_tag","embeddable":true,"href":"http:\/\/www.maseual.com.mx\/web\/wp-json\/wp\/v2\/tags?post=7174"}],"curies":[{"name":"wp","href":"https:\/\/api.w.org\/{rel}","templated":true}]}}