{"id":8830,"date":"2025-07-09T12:29:24","date_gmt":"2025-07-09T12:29:24","guid":{"rendered":"http:\/\/www.maseual.com.mx\/web\/?p=8830"},"modified":"2025-07-09T12:29:34","modified_gmt":"2025-07-09T12:29:34","slug":"fin-de-semana-rojo-en-el-sur","status":"publish","type":"post","link":"http:\/\/www.maseual.com.mx\/web\/2025\/07\/09\/fin-de-semana-rojo-en-el-sur\/","title":{"rendered":"Fin de semana \u201crojo\u201d en el sur"},"content":{"rendered":"\n<p>Por HUGO BARBERI RICO \/ MASEUAL<\/p>\n\n\n\n<p>Zona sur, Morelos, M\u00e9xico, de 8 de julio de 2025.- Dos muertes violentas y un accidentado, es el saldo que arroj\u00f3 el fin de semana pasado en esta regi\u00f3n.<br>De inicio, la noche del pasado viernes se dio el primer acontecimiento tr\u00e1gico al reportarse alrededor de las 21:10 horas, el hallazgo de una persona del sexo masculino, sin vida, en la autopista Puente de Ixtla &#8211; Iguala, en el tramo de la ex hacienda \u201cSan Gabriel\u201d Las Palmas, en el municipio de Amacuzac.<br>La v\u00edctima, de acuerdo a los reportes obtenidos, ten\u00eda entre 30 y 40 a\u00f1os de edad y viajaba a bordo de una motocicleta.<br>Arribaron al lugar, param\u00e9dicos de Caminos y Puentes Federales, quienes confirmaron que la persona ya no contaba con signos vitales, por lo que m\u00e1s tarde se hicieron presentes distintas corporaciones, personal de Servicios Periciales y Servicio M\u00e9dico Forense (Semefo), de la fiscal\u00eda regional, para realizar las diligencias correspondientes.<br>Al d\u00eda siguiente, fue hallado un hombre sin vida con rastros de sangre en la cabeza, sobre la carretera del circuito del lago de Tequesquitengo, municipio de Jojutla, a la altura de la colonia \u201cBarranca Honda\u201d.<br>Fuentes que asistieron al desarrollo de las diligencias, informaron que la persona sin vida permanec\u00eda dentro de una camioneta, tipo \u201cWindstar\u201d, color blanco y recargado sobre el asiento del copiloto.<br>Presentaba una herida en la cabeza, similar a las que provoca un disparo de arma de fuego.<br>Tras el arribo de param\u00e9dicos, tambi\u00e9n hicieron acto de presencia elementos de la fiscal\u00eda regional, a fin de realizar el correspondiente levantamiento del cad\u00e1ver.<br>Finalmente, la noche del domingo pasado, fue asesinado un hombre a balazos en el municipio de Zacatepec.<br>Tras el llamado de auxilio, por parte de una persona que pasaba por la llamada \u201cPlaza Morelos\u201d, en la comunidad de Galeana, municipio de Zacatepec, una plancha de concreto con tubulares para un tianguis semanal, instalada en terreno de la bifurcaci\u00f3n a Tetelpa, a Zacatepec, al libramiento \u201cCasa Blanca\u201d y a Galeana, fue que se present\u00f3 la polic\u00eda preventiva, solo para confirmar que en el lugar yac\u00eda el cuerpo de una persona una persona m\u00e1s en calidad de desconocida, asesinada a balazos.<br>Datos obtenidos en el lugar dan cuenta que se trata de una persona joven, quien vest\u00eda una sudadera color negro y pantal\u00f3n del mismo color, al que le colocaron cinta canela en la boca.<br>El cuerpo fue levantado por elementos del Semefo de Jojutla y trasladado a sus instalaciones que se ubican a por lo menos cinco kil\u00f3metros del lugar, entre los municipios de Jojutla y Tlaquiltenango.<\/p>\n","protected":false},"excerpt":{"rendered":"<p>Por HUGO BARBERI RICO \/ MASEUAL Zona sur, Morelos, M\u00e9xico, de 8 de julio de&#8230;<\/p>\n","protected":false},"author":3,"featured_media":1253,"comment_status":"open","ping_status":"open","sticky":false,"template":"","format":"standard","meta":{"footnotes":""},"categories":[34],"tags":[],"class_list":["post-8830","post","type-post","status-publish","format-standard","has-post-thumbnail","hentry","category-noticias"],"featured_image_urls":{"full":["http:\/\/www.maseual.com.mx\/web\/wp-content\/uploads\/2022\/11\/Patrullas-policia.jpg",0,0,false],"thumbnail":["http:\/\/www.maseual.com.mx\/web\/wp-content\/uploads\/2022\/11\/Patrullas-policia.jpg",1,1,false],"medium":["http:\/\/www.maseual.com.mx\/web\/wp-content\/uploads\/2022\/11\/Patrullas-policia.jpg",1,1,false],"medium_large":["http:\/\/www.maseual.com.mx\/web\/wp-content\/uploads\/2022\/11\/Patrullas-policia.jpg",1,1,false],"large":["http:\/\/www.maseual.com.mx\/web\/wp-content\/uploads\/2022\/11\/Patrullas-policia.jpg",1,1,false],"1536x1536":["http:\/\/www.maseual.com.mx\/web\/wp-content\/uploads\/2022\/11\/Patrullas-policia.jpg",1,1,false],"2048x2048":["http:\/\/www.maseual.com.mx\/web\/wp-content\/uploads\/2022\/11\/Patrullas-policia.jpg",1,1,false],"newsever-slider-full":["http:\/\/www.maseual.com.mx\/web\/wp-content\/uploads\/2022\/11\/Patrullas-policia.jpg",1,1,false],"newsever-featured":["http:\/\/www.maseual.com.mx\/web\/wp-content\/uploads\/2022\/11\/Patrullas-policia.jpg",1,1,false],"newsever-medium":["http:\/\/www.maseual.com.mx\/web\/wp-content\/uploads\/2022\/11\/Patrullas-policia.jpg",1,1,false]},"author_info":{"display_name":"Hugo Barberi Rico","author_link":"http:\/\/www.maseual.com.mx\/web\/author\/maseual\/"},"category_info":"<a href=\"http:\/\/www.maseual.com.mx\/web\/category\/noticias\/\" rel=\"category tag\">Noticias<\/a>","tag_info":"Noticias","comment_count":"0","_links":{"self":[{"href":"http:\/\/www.maseual.com.mx\/web\/wp-json\/wp\/v2\/posts\/8830","targetHints":{"allow":["GET"]}}],"collection":[{"href":"http:\/\/www.maseual.com.mx\/web\/wp-json\/wp\/v2\/posts"}],"about":[{"href":"http:\/\/www.maseual.com.mx\/web\/wp-json\/wp\/v2\/types\/post"}],"author":[{"embeddable":true,"href":"http:\/\/www.maseual.com.mx\/web\/wp-json\/wp\/v2\/users\/3"}],"replies":[{"embeddable":true,"href":"http:\/\/www.maseual.com.mx\/web\/wp-json\/wp\/v2\/comments?post=8830"}],"version-history":[{"count":1,"href":"http:\/\/www.maseual.com.mx\/web\/wp-json\/wp\/v2\/posts\/8830\/revisions"}],"predecessor-version":[{"id":8831,"href":"http:\/\/www.maseual.com.mx\/web\/wp-json\/wp\/v2\/posts\/8830\/revisions\/8831"}],"wp:featuredmedia":[{"embeddable":true,"href":"http:\/\/www.maseual.com.mx\/web\/wp-json\/wp\/v2\/media\/1253"}],"wp:attachment":[{"href":"http:\/\/www.maseual.com.mx\/web\/wp-json\/wp\/v2\/media?parent=8830"}],"wp:term":[{"taxonomy":"category","embeddable":true,"href":"http:\/\/www.maseual.com.mx\/web\/wp-json\/wp\/v2\/categories?post=8830"},{"taxonomy":"post_tag","embeddable":true,"href":"http:\/\/www.maseual.com.mx\/web\/wp-json\/wp\/v2\/tags?post=8830"}],"curies":[{"name":"wp","href":"https:\/\/api.w.org\/{rel}","templated":true}]}}